{"id":3559,"date":"2020-06-15T16:05:01","date_gmt":"2020-06-15T14:05:01","guid":{"rendered":"http:\/\/www.tv2000.it\/retroscena\/?p=3559"},"modified":"2020-06-15T16:15:15","modified_gmt":"2020-06-15T14:15:15","slug":"si-riapre-il-sipario-ma-come-sta-il-teatro","status":"publish","type":"post","link":"https:\/\/www.tv2000.it\/retroscena\/2020\/06\/15\/si-riapre-il-sipario-ma-come-sta-il-teatro\/","title":{"rendered":"Si riapre il sipario ma come sta il teatro?"},"content":{"rendered":"<figure id=\"attachment_3565\" aria-describedby=\"caption-attachment-3565\" style=\"width: 640px\" class=\"wp-caption alignnone\"><a href=\"https:\/\/www.tv2000.it\/retroscena\/wp-content\/uploads\/sites\/14\/2020\/06\/Marco-Baliani_foto-di-Marco-Parollo.jpeg\"><img decoding=\"async\" class=\"wp-image-3565 size-large\" src=\"https:\/\/www.tv2000.it\/retroscena\/wp-content\/uploads\/sites\/14\/2020\/06\/Marco-Baliani_foto-di-Marco-Parollo-1024x683.jpeg\" alt=\"\" width=\"640\" height=\"427\" srcset=\"https:\/\/www.tv2000.it\/retroscena\/wp-content\/uploads\/sites\/14\/2020\/06\/Marco-Baliani_foto-di-Marco-Parollo-1024x683.jpeg 1024w, https:\/\/www.tv2000.it\/retroscena\/wp-content\/uploads\/sites\/14\/2020\/06\/Marco-Baliani_foto-di-Marco-Parollo-300x200.jpeg 300w, https:\/\/www.tv2000.it\/retroscena\/wp-content\/uploads\/sites\/14\/2020\/06\/Marco-Baliani_foto-di-Marco-Parollo-768x512.jpeg 768w, https:\/\/www.tv2000.it\/retroscena\/wp-content\/uploads\/sites\/14\/2020\/06\/Marco-Baliani_foto-di-Marco-Parollo-41x27.jpeg 41w, https:\/\/www.tv2000.it\/retroscena\/wp-content\/uploads\/sites\/14\/2020\/06\/Marco-Baliani_foto-di-Marco-Parollo-280x187.jpeg 280w, https:\/\/www.tv2000.it\/retroscena\/wp-content\/uploads\/sites\/14\/2020\/06\/Marco-Baliani_foto-di-Marco-Parollo-650x433.jpeg 650w, https:\/\/www.tv2000.it\/retroscena\/wp-content\/uploads\/sites\/14\/2020\/06\/Marco-Baliani_foto-di-Marco-Parollo.jpeg 1200w\" sizes=\"(max-width: 640px) 100vw, 640px\" \/><\/a><figcaption id=\"caption-attachment-3565\" class=\"wp-caption-text\">Marco Baliani in scena al Teatro delle Muse di Ancona con &#8220;L\u2019attore nella casa di cristallo&#8221;<\/figcaption><\/figure>\n<p>Barcamenarsi. Destreggiarsi fra le perigliose onde delle disposizioni, prescrizioni mediche e misure di sicurezza. Vincere l&#8217;amletica titubanza e \u00abprender armi contro il mare d&#8217;affanni\u00bb affrontando l&#8217;ignota procella a viso aperto. Riaprire da domani i teatri, ripartire dopo quasi quattro mesi con festival e spettacoli dal vivo esige eroismo perch\u00e9 i legacci sanitari e burocratici rischiano di inibire ogni velleit\u00e0 artistica. Eppure queste inedite incertezze stimolano oltremodo <strong>Valerio Binasco<\/strong> fiero di rispondere \u00abnon lo so\u00bb a chi chiede lumi sul futuro del teatro nell&#8217;era del \u00abdistanziamento\u00bb. In effetti per il direttore artistico del <strong>Teatro Stabile di Torino<\/strong> l&#8217;esiguit\u00e0 del tempo a disposizione unitamente alle limitazioni e alle inderogabili regole che stabiliscono il numero degli spettatori in sala, l&#8217;aerazione degli spazi, il divieto dei contatti fra gli attori e tutte le asfittiche misure previste dal protocollo potranno rappresentare una prova e uno sprone: \u00abCi sar\u00e0 la possibilit\u00e0 di verificare &#8211; osserva Binasco &#8211; se il teatro \u00e8 ancora necessario per chi lo fa e per chi lo fruisce e bisogner\u00e0, in una fase di tatto sospeso, inventare soluzioni alternative. Una vera sfida per l&#8217;immaginazione\u00bb. Obiettivo: allestire una stagione che non sia \u00abrimediata\u00bb ma con un cartellone rigoroso e articolato. 16 produzioni, altrettanti &#8220;appuntamenti extra&#8221; e 100 recite complessive sono infatti i numeri di <strong><em>Summer Plays<\/em> <\/strong>per tre mesi di programmazione ininterrotta <strong>dal 15 giugno al 13 settembre<\/strong>. Tutti gli spettacoli si basano su testi di drammaturgia contemporanea. A inaugurare la rassegna <em><strong>L&#8217;intervista<\/strong><\/em> di Natalia Ginzburg che Binasco dirige e interpreta con <strong>Arianna Scommegna<\/strong> e <strong>Giordana Faggiano<\/strong>.<\/p>\n<p>Se a Torino si barcamenano dunque intraprendenti ed efficienti ad Ancona <strong>Marco Baliani<\/strong> impavido come il capitano Achab guarda in faccia la &#8220;balena bianca&#8221;, in questo caso una societ\u00e0 distopica senza teatro in cui la cultura \u00e8 reietta e il Pil \u00e8 il re. Gli attori di prosa sono dei paria rinchiusi in scatoloni trasparenti esposti al pubblico distratto ludibrio. \u00c8 questo l&#8217;inquietante ma nemmeno troppo avveniristico contesto in cui si sviluppa<strong><em> L&#8217;attore nella casa di cristallo<\/em><\/strong> da domani <strong>fino al 28 giugno<\/strong> nel piazzale antistante il <strong>Teatro delle Muse di Ancona<\/strong>. Prodotto da <strong>Marche Teatro<\/strong>, da un&#8217;idea di <strong>Velia Papa<\/strong>, testo e regia dello stesso Baliani, verr\u00e0 offerto a un numero selezionato di spettatori i quali si troveranno di fronte a due imponenti teche di vetro due metri per due con all&#8217;interno l&#8217;attore ingabbiato nello spazio e nella sua mente, avviluppato in un ciclico loop interpretativo coatto. Da questi asettici parallelepipedi grazie a un auricolare monouso si potranno percepire lacerti di memorie, brandelli di testi letterari e utilizzando una radio ricevente si potr\u00e0 fare zapping da una teca all&#8217;altra. Insomma si mette in atto l&#8217;annichilimento di qualunque unit\u00e0 teatrale di luogo, tempo e azione.<\/p>\n<p>Dal &#8220;chi \u00e8 di teca?&#8221; di Ancona si scende a Roma e ci si impantana nella bonaccia che immobilizza le piccole e feconde realt\u00e0 produttive private impossibilitate a ripartire date le norme vigenti. Emblematico il caso del <strong>Teatro Sette<\/strong> gestito dall&#8217;attore e regista<strong> Michele La Ginestra<\/strong>. \u00abQuesta sala &#8211; spiega l&#8217;artista romano &#8211; ha 144 posti a regime ridotti a 38 con il distanziamento, ho 10 dipendenti a tempo indeterminato, poi devo mettere in atto la sanificazione degli spazi e calcolare che non posso utilizzare il bar interno. A queste condizioni \u00e8 impossibile ripartire\u00bb. Comunque sogni, progetti, fede e speranza di rinascita non difettano a La Ginestra. E non mancano nemmeno al vulcanico e volitivo <strong>Dario D&#8217;Ambrosi<\/strong> che per\u00f2 in questi ultimi mesi ha dovuto domare una tempesta perfetta. Il fondatore del <strong>Teatro Patologico di Roma<\/strong>, che da 33 anni esalta la libert\u00e0 espressiva della follia coniugandola con l&#8217;arte teatrale, \u00e8 preoccupato per le conseguenze che la traumatica sospensione del percorso di teatro-terapia ha causato sulla salute psichica dei suoi ragazzi disabili mentali: \u00abAlcuni hanno avuto delle crisi molto violente, uno di loro ha spaccato i vetri di casa con la testa, altri hanno sfondato la porta perch\u00e9 volevano uscire per venire qui al Teatro Patologico, molti hanno dovuto ricominciare ad assumere dosaggi molto alti di psicofarmaci. E ora non poterli riabbracciare &#8211; spiega D&#8217;Ambrosi &#8211; non poter avere un contatto fisico con i miei &#8220;mattacchioni&#8221;, come a me piace chiamarli, rende tutto molto triste e difficile\u00bb. Ma non ci sar\u00e0 alcun naufragio; il viaggio ricomincer\u00e0, anzi sar\u00e0 un&#8217;esaltante odissea. Prevista infatti a breve all&#8217;Idroscalo di Ostia, proprio sulla spiaggia di Pasolini, la ripresa dello spettacolo <strong><em>Ulisse<\/em><\/strong>.<\/p>\n<p>Sulla costa opposta adriatica invece c&#8217;\u00e8 voglia di record: al <strong>Teatro Sperimentale di Pesaro<\/strong>, infatti, a mezzanotte e un minuto del <strong>15 giugno<\/strong> <strong>Ascanio Celestini<\/strong> sar\u00e0 il primo artista a inaugurare la ripresa degli spettacoli dal vivo con il suo cavallo di battaglia <strong><em>Radio clandestina<\/em><\/strong>. Suscita infine simpatia e ammirazione nel capoluogo lombardo un&#8217;iniziativa in cui si opta per l&#8217;usato piccolissimo ma sicuro: evocando il Carro di Tespi o il Pageant medievale il teatro sale fino a settembre sull&#8217;umile e mitica treruote, <strong>l&#8217;Apecar<\/strong>, e viaggia nelle piazze, cortili, chiostri di Milano grazie al progetto proposto da <strong>deSidera<\/strong> al <strong>Teatro Oscar<\/strong>. Forse tutte queste imprese, azioni e reazioni non basteranno a rendere indispensabile il teatro. Di certo per\u00f2 testimoniano una peculiarit\u00e0 pi\u00f9 salutare di qualunque presidio medico che, dopo una clausura dominata da una bulimica comunicazione virtuale, si riafferma in tutta la sua insopprimibile vitalit\u00e0. A esplicitare questa prerogativa ancora una volta Valerio Binasco: \u00abIl teatro \u00e8 rimasto l&#8217;unico luogo pensato per produrre buio intorno a me e sulla mia surrogata vita da Truman Show, per chiudere gli occhi sul mio quotidiano da esibire e per creare invece un accadimento comunitario in cui l&#8217;ego si spegne e il noi si accende grazie al tappeto volante dell&#8217;immaginazione\u00bb.<\/p>\n<p>RIPRODUZIONE RISERVATA<\/p>\n<p style=\"text-align: right;\"><em>di Michele Sciancalepore, fonte Avvenire<\/em><\/p>\n","protected":false},"excerpt":{"rendered":"Barcamenarsi. Destreggiarsi fra le perigliose onde delle disposizioni, prescrizioni mediche e misure di sicurezza. Vincere l&#8217;amletica titubanza e \u00abprender armi contro il mare d&#8217;affanni\u00bb affrontando l&#8217;ignota procella a viso aperto. Riaprire da domani i teatri, ripartire dopo quasi quattro mesi con festival e spettacoli dal vivo esige eroismo perch\u00e9 i legacci sanitari e burocratici rischiano [&hellip;]","protected":false},"author":32,"featured_media":3563,"comment_status":"open","ping_status":"open","sticky":false,"template":"","format":"standard","meta":{"_acf_changed":false,"footnotes":""},"categories":[90],"tags":[511,102,296,554,555,497,24,396,553,556,559,558,552,551,557],"class_list":["post-3559","post","type-post","status-publish","format-standard","has-post-thumbnail","hentry","category-le-nostre-recensioni","tag-arianna-scommegna","tag-ascanio-celestini","tag-dario-dambrosi","tag-giordana-faggiano","tag-lattore-nella-casa-di-cristallo","tag-marche-teatro","tag-marco-baliani","tag-michele-la-ginestra","tag-summer-plays","tag-teatro-delle-muse-di-ancona","tag-teatro-patologico-di-roma","tag-teatro-sette","tag-teatro-stabile-di-torino","tag-valerio-binasco","tag-velia-papa"],"acf":[],"aioseo_notices":[],"featured_image_url":"https:\/\/www.tv2000.it\/retroscena\/wp-content\/uploads\/sites\/14\/2020\/06\/04_Valerio-Binasco_ph-Daniela-Foresto_2940-1.jpg","_links":{"self":[{"href":"https:\/\/www.tv2000.it\/retroscena\/wp-json\/wp\/v2\/posts\/3559","targetHints":{"allow":["GET"]}}],"collection":[{"href":"https:\/\/www.tv2000.it\/retroscena\/wp-json\/wp\/v2\/posts"}],"about":[{"href":"https:\/\/www.tv2000.it\/retroscena\/wp-json\/wp\/v2\/types\/post"}],"author":[{"embeddable":true,"href":"https:\/\/www.tv2000.it\/retroscena\/wp-json\/wp\/v2\/users\/32"}],"replies":[{"embeddable":true,"href":"https:\/\/www.tv2000.it\/retroscena\/wp-json\/wp\/v2\/comments?post=3559"}],"version-history":[{"count":7,"href":"https:\/\/www.tv2000.it\/retroscena\/wp-json\/wp\/v2\/posts\/3559\/revisions"}],"predecessor-version":[{"id":3569,"href":"https:\/\/www.tv2000.it\/retroscena\/wp-json\/wp\/v2\/posts\/3559\/revisions\/3569"}],"wp:featuredmedia":[{"embeddable":true,"href":"https:\/\/www.tv2000.it\/retroscena\/wp-json\/wp\/v2\/media\/3563"}],"wp:attachment":[{"href":"https:\/\/www.tv2000.it\/retroscena\/wp-json\/wp\/v2\/media?parent=3559"}],"wp:term":[{"taxonomy":"category","embeddable":true,"href":"https:\/\/www.tv2000.it\/retroscena\/wp-json\/wp\/v2\/categories?post=3559"},{"taxonomy":"post_tag","embeddable":true,"href":"https:\/\/www.tv2000.it\/retroscena\/wp-json\/wp\/v2\/tags?post=3559"}],"curies":[{"name":"wp","href":"https:\/\/api.w.org\/{rel}","templated":true}]}}