{"id":362,"date":"2015-05-25T11:20:08","date_gmt":"2015-05-25T09:20:08","guid":{"rendered":"http:\/\/www.tv2000.it\/retroscena\/?p=362"},"modified":"2015-05-25T11:20:08","modified_gmt":"2015-05-25T09:20:08","slug":"retroscena-del-26-30-maggio-e-1-giugno","status":"publish","type":"post","link":"https:\/\/www.tv2000.it\/retroscena\/2015\/05\/25\/retroscena-del-26-30-maggio-e-1-giugno\/","title":{"rendered":"Retroscena del 26, 30 maggio e 1 giugno"},"content":{"rendered":"<p><img decoding=\"async\" class=\"aligncenter size-full wp-image-363\" src=\"http:\/\/www.tv2000.it\/retroscena\/wp-content\/uploads\/sites\/14\/2015\/05\/ifigenianews.jpg\" alt=\"ifigenia\" width=\"640\" height=\"261\" srcset=\"https:\/\/www.tv2000.it\/retroscena\/wp-content\/uploads\/sites\/14\/2015\/05\/ifigenianews.jpg 640w, https:\/\/www.tv2000.it\/retroscena\/wp-content\/uploads\/sites\/14\/2015\/05\/ifigenianews-300x122.jpg 300w, https:\/\/www.tv2000.it\/retroscena\/wp-content\/uploads\/sites\/14\/2015\/05\/ifigenianews-984x402.jpg 984w, https:\/\/www.tv2000.it\/retroscena\/wp-content\/uploads\/sites\/14\/2015\/05\/ifigenianews-66x27.jpg 66w, https:\/\/www.tv2000.it\/retroscena\/wp-content\/uploads\/sites\/14\/2015\/05\/ifigenianews-280x114.jpg 280w\" sizes=\"(max-width: 640px) 100vw, 640px\" \/><\/p>\n<p>Lucia Lavia \u00e8 Ifigenia. Sebastiano Lo Monaco \u00e8 Agamennone. Federico Tiezzi il regista. \u201cRetroscena\u201d ne \u00e8 stato l\u2019occhio critico che in un reportage esclusivo vi porta all\u2019interno del processo creativo di Ifigenia in Aulide, di Euripide; ambientato nella cornice mozzafiato del Teatro Greco di Siracusa. Le gioie e i dolori, le emozioni e le tensioni, le fatiche e i piaceri delle prove di un classico dei classici, con artisti straordinari che si mettono in gioco in uno spazio scenico che tutto il mondo ci invidia. Tutto questo nella venticinquesima puntata di \u201cRetroscena \u2013 I segreti del teatro\u201d, un programma di Michele Sciancalepore, in onda marted\u00ec 26 maggio alle ore 00.15 su Tv2000 (in replica sabato 30 alle 13.50 e luned\u00ec 1 giugno alle 00.20).<\/p>\n<p>Federico Tiezzi apre le porte alle telecamere di \u201cRetroscena\u201d durante una duplice sessione di prove del suo ultimo lavoro che ha aperto il 51\u00b0 ciclo di rappresentazioni classiche al Teatro Greco di Siracusa e ci svela i trucchi del mestiere in un\u2019intervista esclusiva. Raccontiamo il processo creativo, le difficolt\u00e0, le invenzioni sceniche, il lavoro degli interpreti alle prese con un testo febbrile come quello di Euripide. Nel fantastico scenario del Teatro Greco di Siracusa, abbiamo assistito ad ore e ore di prove, dove la fatica del dirigere, stimolare, motivare e guidare gli attori professionisti e circa una trentina di allievi dell\u2019 Accademia d&#8217;Arte del Dramma Antico vengono sublimate grazie a una regia moderna, che cerca appunto di cogliere cosa vi sia di attuale in questa rappresentazione del mondo classico. L&#8217;assoluto quindi si fa relativo: debolezza e povert\u00e0 umana scortano il disfacimento di una societ\u00e0 gi\u00e0 da tempo in crisi, chiara metafora dei giorni nostri. Il testo e lo spazio smisurato mettono a dura prova l\u2019intensit\u00e0 interpretativa e vocale di ogni singolo attore: Lucia Lavia nei panni dell\u2019eroina sacrificale Ifigenia, commovente, quasi eterea; Sebastiano Lo Monaco un Agamennone antieroe potente e lacerato nel suo doppio gioco; Francesco Colella un Menelao lucido e freddo come un politico smaliziato e cinico. Un minuzioso lavoro sul testo restituisce i molteplici ritmi dei versi di Euripide.<\/p>\n<p>Tutto questo in un racconto vibrante, affascinante e immaginifico dei momenti pi\u00f9 significativi ed emozionanti delle prove ripresi dall\u2019occhio attento delle telecamere di \u201cRetroscena\u201d.<\/p>\n<p><strong>Retroscena \u2013 I segreti del teatro, Viaggi nelle {cre}azioni. In onda ogni marted\u00ec alle 23.20 e in replica sabato alle 14.20 e il luned\u00ec seguente alle 23.20 su TV2000, canale 140 SKY, canale 28 digitale terrestre, canale 18 di tiv\u00f9sat<\/strong>.<\/p>\n","protected":false},"excerpt":{"rendered":"Lucia Lavia \u00e8 Ifigenia. Sebastiano Lo Monaco \u00e8 Agamennone. Federico Tiezzi il regista. \u201cRetroscena\u201d ne \u00e8 stato l\u2019occhio critico che in un reportage esclusivo vi porta all\u2019interno del processo creativo di Ifigenia in Aulide, di Euripide; ambientato nella cornice mozzafiato del Teatro Greco di Siracusa. Le gioie e i dolori, le emozioni e le tensioni, [&hellip;]","protected":false},"author":9,"featured_media":364,"comment_status":"open","ping_status":"open","sticky":false,"template":"","format":"standard","meta":{"_acf_changed":false,"footnotes":""},"categories":[6],"tags":[64,65,66],"class_list":["post-362","post","type-post","status-publish","format-standard","has-post-thumbnail","hentry","category-prossimamente","tag-federico-tiezzi","tag-lucia-lavia","tag-sebastiano-lo-monaco"],"acf":[],"aioseo_notices":[],"featured_image_url":"https:\/\/www.tv2000.it\/retroscena\/wp-content\/uploads\/sites\/14\/2015\/05\/tiezzi.jpg","_links":{"self":[{"href":"https:\/\/www.tv2000.it\/retroscena\/wp-json\/wp\/v2\/posts\/362","targetHints":{"allow":["GET"]}}],"collection":[{"href":"https:\/\/www.tv2000.it\/retroscena\/wp-json\/wp\/v2\/posts"}],"about":[{"href":"https:\/\/www.tv2000.it\/retroscena\/wp-json\/wp\/v2\/types\/post"}],"author":[{"embeddable":true,"href":"https:\/\/www.tv2000.it\/retroscena\/wp-json\/wp\/v2\/users\/9"}],"replies":[{"embeddable":true,"href":"https:\/\/www.tv2000.it\/retroscena\/wp-json\/wp\/v2\/comments?post=362"}],"version-history":[{"count":1,"href":"https:\/\/www.tv2000.it\/retroscena\/wp-json\/wp\/v2\/posts\/362\/revisions"}],"predecessor-version":[{"id":365,"href":"https:\/\/www.tv2000.it\/retroscena\/wp-json\/wp\/v2\/posts\/362\/revisions\/365"}],"wp:featuredmedia":[{"embeddable":true,"href":"https:\/\/www.tv2000.it\/retroscena\/wp-json\/wp\/v2\/media\/364"}],"wp:attachment":[{"href":"https:\/\/www.tv2000.it\/retroscena\/wp-json\/wp\/v2\/media?parent=362"}],"wp:term":[{"taxonomy":"category","embeddable":true,"href":"https:\/\/www.tv2000.it\/retroscena\/wp-json\/wp\/v2\/categories?post=362"},{"taxonomy":"post_tag","embeddable":true,"href":"https:\/\/www.tv2000.it\/retroscena\/wp-json\/wp\/v2\/tags?post=362"}],"curies":[{"name":"wp","href":"https:\/\/api.w.org\/{rel}","templated":true}]}}