{"id":371,"date":"2015-05-28T19:29:12","date_gmt":"2015-05-28T17:29:12","guid":{"rendered":"http:\/\/www.tv2000.it\/retroscena\/?p=371"},"modified":"2015-05-29T15:15:58","modified_gmt":"2015-05-29T13:15:58","slug":"retroscena-del-2-6-e-8-giugno-2015","status":"publish","type":"post","link":"https:\/\/www.tv2000.it\/retroscena\/2015\/05\/28\/retroscena-del-2-6-e-8-giugno-2015\/","title":{"rendered":"Retroscena del 2 e 8 giugno 2015"},"content":{"rendered":"<p><img decoding=\"async\" class=\"aligncenter size-full wp-image-372\" src=\"http:\/\/www.tv2000.it\/retroscena\/wp-content\/uploads\/sites\/14\/2015\/05\/latellanews.jpg\" alt=\"Antonio Latella\" width=\"640\" height=\"360\" srcset=\"https:\/\/www.tv2000.it\/retroscena\/wp-content\/uploads\/sites\/14\/2015\/05\/latellanews.jpg 640w, https:\/\/www.tv2000.it\/retroscena\/wp-content\/uploads\/sites\/14\/2015\/05\/latellanews-300x169.jpg 300w, https:\/\/www.tv2000.it\/retroscena\/wp-content\/uploads\/sites\/14\/2015\/05\/latellanews-48x27.jpg 48w, https:\/\/www.tv2000.it\/retroscena\/wp-content\/uploads\/sites\/14\/2015\/05\/latellanews-280x158.jpg 280w\" sizes=\"(max-width: 640px) 100vw, 640px\" \/><\/p>\n<p><strong>Antonio Latella<\/strong>, figura di spicco del teatro italiano, \u201cregala\u201d un profondo ed esclusivo faccia a faccia con Michele Sciancalepore. Un\u2019intervista senza esclusione di colpi e che affronta a viso aperto gli argomenti pi\u00f9 scottanti del teatro e della realt\u00e0: dal rapporto con il \u201cmorire\u201d a quello con il gioco dell\u2019arte del palcoscenico, dalla superiorit\u00e0 della donna nel gestire il dolore agli inganni che spesso i registi creano con i loro spettacoli. Tutto questo nella ventiseiesima puntata di \u201cRetroscena \u2013 I segreti del teatro\u201d, un programma di Michele Sciancalepore, in onda marted\u00ec 02 giugno alle ore 01.05 su Tv2000 (in replica luned\u00ec 08 alle 23.40). Protagonista, a \u201cRetroscena\u201d, anche Greg con il suo primissimo monologo!<\/p>\n<p>Al Teatro Storchi di Modena, Antonio Latella, firma un omaggio &#8211; appassionato\u00a0 e allo stesso tempo rigoroso &#8211; al grande cineasta tedesco, Rainer Werner Fassbinder, dirigendo lo spettacolo, \u201cTi regalo la mia morte, Veronika\u201d. Ispirandosi liberamente alla poetica del regista bavarese, la vicenda si sviluppa facendosi spazio nell\u2019universo femminile: partendo infatti dalla rievocazione della vicenda di Veronika Voss \u2013 stella cinematografica in declino \u2013 Latella \u00a0gioca con un testo che oltre ad essere meta-teatrale, \u00e8 anche meta-cinematografico, una vera e propria partita a scacchi tra cinema e la quarta dimensione. Un lavoro dove si mol\u00adti\u00adpli\u00adcano rimandi e\u00a0cita\u00adzioni: una corsa folle, senza protezioni, una prolungata allucinazione dove realt\u00e0 e finzione diventano quasi indistinguibili. Potente \u00e8 l\u2019uso disorientante dei costumi, delle proiezioni e delle luci stroboscopiche; lo spettatore \u00e8 esplicitamente protagonista, \u00e8 a lui infatti che Veronika chiede aiuto. Il risultato \u00e8 sicuramente accattivante!<\/p>\n<p>Claudio Gregori, in arte Greg, debutta al Teatro Brancaccino come solista in un monologo da lui scritto,\u00a0\u201cAgGregazioni\u201d. Un insolito Greg accoglie il pubblico con un testo di Cechov sul \u201cDanno del Tabacco\u201d, per poi trasformarsi in un detective filoamericano che &#8211; con scanzonato stile noir anni \u201840 &#8211; conduce le indagini della scomparsa di un \u201ccoattello\u201d della periferia romana. Racconti brevi, aforismi, poesie e riflessioni per narrare la squallida parabola di una vita umana priva di \u201cidee\u201d. Per assaporare lo spettacolo una ricetta tutta in stile Greg: una parte di grottesco, due di cinismo, una spruzzata di salacit\u00e0 e illustri \u201caggregati\u201d!<\/p>\n<p>&nbsp;<\/p>\n<p><strong>Retroscena \u2013 I segreti del teatro, Viaggi nelle {cre}azioni. In onda ogni marted\u00ec alle 23.20 e in replica sabato alle 14.20 e il luned\u00ec seguente alle 23.20 su TV2000, canale 140 SKY, canale 28 digitale terrestre, canale 18 di tiv\u00f9sat<\/strong>.<\/p>\n","protected":false},"excerpt":{"rendered":"Antonio Latella, figura di spicco del teatro italiano, \u201cregala\u201d un profondo ed esclusivo faccia a faccia con Michele Sciancalepore. Un\u2019intervista senza esclusione di colpi e che affronta a viso aperto gli argomenti pi\u00f9 scottanti del teatro e della realt\u00e0: dal rapporto con il \u201cmorire\u201d a quello con il gioco dell\u2019arte del palcoscenico, dalla superiorit\u00e0 della [&hellip;]","protected":false},"author":9,"featured_media":373,"comment_status":"open","ping_status":"open","sticky":false,"template":"","format":"standard","meta":{"_acf_changed":false,"footnotes":""},"categories":[6],"tags":[68,31],"class_list":["post-371","post","type-post","status-publish","format-standard","has-post-thumbnail","hentry","category-prossimamente","tag-antonio-latella","tag-claudio-gregori"],"acf":[],"aioseo_notices":[],"featured_image_url":"https:\/\/www.tv2000.it\/retroscena\/wp-content\/uploads\/sites\/14\/2015\/05\/latellamini.jpg","_links":{"self":[{"href":"https:\/\/www.tv2000.it\/retroscena\/wp-json\/wp\/v2\/posts\/371","targetHints":{"allow":["GET"]}}],"collection":[{"href":"https:\/\/www.tv2000.it\/retroscena\/wp-json\/wp\/v2\/posts"}],"about":[{"href":"https:\/\/www.tv2000.it\/retroscena\/wp-json\/wp\/v2\/types\/post"}],"author":[{"embeddable":true,"href":"https:\/\/www.tv2000.it\/retroscena\/wp-json\/wp\/v2\/users\/9"}],"replies":[{"embeddable":true,"href":"https:\/\/www.tv2000.it\/retroscena\/wp-json\/wp\/v2\/comments?post=371"}],"version-history":[{"count":2,"href":"https:\/\/www.tv2000.it\/retroscena\/wp-json\/wp\/v2\/posts\/371\/revisions"}],"predecessor-version":[{"id":376,"href":"https:\/\/www.tv2000.it\/retroscena\/wp-json\/wp\/v2\/posts\/371\/revisions\/376"}],"wp:featuredmedia":[{"embeddable":true,"href":"https:\/\/www.tv2000.it\/retroscena\/wp-json\/wp\/v2\/media\/373"}],"wp:attachment":[{"href":"https:\/\/www.tv2000.it\/retroscena\/wp-json\/wp\/v2\/media?parent=371"}],"wp:term":[{"taxonomy":"category","embeddable":true,"href":"https:\/\/www.tv2000.it\/retroscena\/wp-json\/wp\/v2\/categories?post=371"},{"taxonomy":"post_tag","embeddable":true,"href":"https:\/\/www.tv2000.it\/retroscena\/wp-json\/wp\/v2\/tags?post=371"}],"curies":[{"name":"wp","href":"https:\/\/api.w.org\/{rel}","templated":true}]}}