{"id":3831,"date":"2021-02-03T12:03:03","date_gmt":"2021-02-03T11:03:03","guid":{"rendered":"http:\/\/www.tv2000.it\/retroscena\/?p=3831"},"modified":"2021-02-03T12:03:03","modified_gmt":"2021-02-03T11:03:03","slug":"eleonora-danco-ospite-a-retroscena","status":"publish","type":"post","link":"https:\/\/www.tv2000.it\/retroscena\/2021\/02\/03\/eleonora-danco-ospite-a-retroscena\/","title":{"rendered":"Eleonora Danco ospite a Retroscena"},"content":{"rendered":"<p style=\"text-align: justify;\">Questa settimana a Retroscena tutti i segreti del teatro di <strong>Eleonora Danco<\/strong>, una delle personalit\u00e0 pi\u00f9 originali del nostro panorama teatrale, ma non solo. Autrice corrosiva ed eversiva, regista e performer agile e instancabile, nel corso degli anni ha ricevuto attestazioni di prestigio e definizioni che l\u2019hanno avvicinata ad autori \u201cscandalosi\u201d e sperimentatori di linguaggi come <strong>Pier Paolo Pasolini<\/strong> e <strong>Sara Kane<\/strong> o a personaggi trasgressivi e iconici, e solo apparentemente lontani, come la rockstar <strong>Gianna Nannini<\/strong>. Assieme a Michele Sciancalepore ripercorrer\u00e0 le tappe della sua decennale carriera con il tono anticonformista e autoironico che la contraddistingue. Questo e altro a <em>Retroscena \u2013 I segreti del teatro<\/em>, in onda venerd\u00ec 5 febbraio in seconda serata su TV2000.<\/p>\n<div class=\"fluid-embed-container\"><iframe title=\"Eleonora Danco ospite a Retroscena, venerd\u00ec 5 febbraio ore 23.25 su Tv2000\" width=\"640\" height=\"360\" src=\"https:\/\/www.youtube.com\/embed\/ep7z51r6pTE?feature=oembed\" frameborder=\"0\" allow=\"accelerometer; autoplay; clipboard-write; encrypted-media; gyroscope; picture-in-picture; web-share\" referrerpolicy=\"strict-origin-when-cross-origin\" allowfullscreen><\/iframe><\/div>\n<p style=\"text-align: justify;\">Nel corso della sua carriera di autrice, regista e performer <strong>Eleonora Danco<\/strong> \u00e8 stata definita in molti modi, tutti volti a sottolineare la sua capacit\u00e0 di essere ironica e penetrante, trasgressiva nel linguaggio e nelle forme delle sue rappresentazioni che vanno dal palcoscenico al cinema alla scrittura. Ma come definirebbe se stessa e il suo teatro irrequieto a qualcuno, un giovane per esempio, che non ha mai incrociato la sua vena artistica? \u201cIl mio \u00e8 un tipo di teatro dove tratto l\u2019essere umano e l\u2019anima con tutta la vitalit\u00e0 possibile. Mi piace scandagliare dentro la contraddizione degli uomini, senza nessun compiacimento sociale, n\u00e9 un linguaggio politicamente corretto ma nel modo pi\u00f9 semplice e immediato possibile\u201d. \u00c8 di fatto questa la cifra del suo stile, la capacit\u00e0 di rimanere su un\u2019apparente superficie delle cose per trovare, nei temi trattati, una intensit\u00e0 e una sintesi scevri di psicologismi e con un tipo di scrittura molto libero, diretto e comprensibile. Testi e interpretazioni che fanno ridere e commuovono allo stesso tempo, mai frutto di improvvisazione ma piuttosto di una disciplina e concentrazione che rasentano la sofferenza fisica e mentale. \u201cIl teatro che piace a me \u00e8 un teatro in cui ci devi stare dentro in una sorta di trans lucido. Solo cos\u00ec si riesce a intensificare e raddoppiare la creativit\u00e0. E per farlo bisogna essere avere la capacit\u00e0 di sporcarsi le mani, essere spregiudicati e scorretti\u201d rivela a Retroscena. Ma come sta vivendo Eleonora Danco questo periodo storico, unico e inaudito? \u201cGli artisti non possono farsi bloccare da nulla. Io fremo perch\u00e9 si possano riaprire i teatri e nel frattempo lavoro al progetto di uno spettacolo in due atti dal titolo <strong>Bocconi amari\/Semifreddo<\/strong> in cui racconto l\u2019evoluzione di una famiglia di cinque persone in venti anni, dalla lira all\u2019euro\u201d racconta in anteprima a Retroscena.<\/p>\n<p style=\"text-align: justify;\">In conclusione, l\u2019appuntamento con la \u201csand artist\u201d <strong>Gabriella Compagnone<\/strong> che anche quest\u2019anno realizza in esclusiva per <em>Retroscena<\/em> le sue emozionanti creazioni sulla sabbia.<\/p>\n<p>&nbsp;<\/p>\n<div class=\"rgg-container\" data-rgg-id=\"1\">    <div class=\"rgg-imagegrid captions-title captions-effect-none \" data-rgg-id=\"1\">\n                    <a href=\"https:\/\/www.tv2000.it\/retroscena\/wp-content\/uploads\/sites\/14\/2021\/02\/Danco-5-1024x576.jpg\" data-rel=\"rgg\" rel=\"rgg\" title=\"\" class=\"rgg-disabled size-thumbnail rgg-img\" data-src=\"https:\/\/www.tv2000.it\/retroscena\/wp-content\/uploads\/sites\/14\/2021\/02\/Danco-5-150x150.jpg\" data-ratio=\"1\" data-height=\"150\" data-width=\"150\" aria-label=\"\">\n                            <\/a>\n                    <a href=\"https:\/\/www.tv2000.it\/retroscena\/wp-content\/uploads\/sites\/14\/2021\/02\/Danco-3-1024x576.jpg\" data-rel=\"rgg\" rel=\"rgg\" title=\"\" class=\"rgg-disabled size-thumbnail rgg-img\" data-src=\"https:\/\/www.tv2000.it\/retroscena\/wp-content\/uploads\/sites\/14\/2021\/02\/Danco-3-150x150.jpg\" data-ratio=\"1\" data-height=\"150\" data-width=\"150\" aria-label=\"\">\n                            <\/a>\n                    <a href=\"https:\/\/www.tv2000.it\/retroscena\/wp-content\/uploads\/sites\/14\/2021\/02\/Danco-2-1024x576.jpg\" data-rel=\"rgg\" rel=\"rgg\" title=\"\" class=\"rgg-disabled size-thumbnail rgg-img\" data-src=\"https:\/\/www.tv2000.it\/retroscena\/wp-content\/uploads\/sites\/14\/2021\/02\/Danco-2-150x150.jpg\" data-ratio=\"1\" data-height=\"150\" data-width=\"150\" aria-label=\"\">\n                            <\/a>\n                    <a href=\"https:\/\/www.tv2000.it\/retroscena\/wp-content\/uploads\/sites\/14\/2021\/02\/Danco--1024x576.jpg\" data-rel=\"rgg\" rel=\"rgg\" title=\"\" class=\"rgg-disabled size-thumbnail rgg-img\" data-src=\"https:\/\/www.tv2000.it\/retroscena\/wp-content\/uploads\/sites\/14\/2021\/02\/Danco--150x150.jpg\" data-ratio=\"1\" data-height=\"150\" data-width=\"150\" aria-label=\"\">\n                            <\/a>\n            <\/div>\n<\/div>\n","protected":false},"excerpt":{"rendered":"Questa settimana a Retroscena tutti i segreti del teatro di Eleonora Danco, una delle personalit\u00e0 pi\u00f9 originali del nostro panorama teatrale, ma non solo. Autrice corrosiva ed eversiva, regista e performer agile e instancabile, nel corso degli anni ha ricevuto attestazioni di prestigio e definizioni che l\u2019hanno avvicinata ad autori \u201cscandalosi\u201d e sperimentatori di linguaggi [&hellip;]","protected":false},"author":6,"featured_media":3835,"comment_status":"open","ping_status":"open","sticky":false,"template":"","format":"standard","meta":{"_acf_changed":false,"footnotes":""},"categories":[6],"tags":[],"class_list":["post-3831","post","type-post","status-publish","format-standard","has-post-thumbnail","hentry","category-prossimamente"],"acf":[],"aioseo_notices":[],"featured_image_url":"https:\/\/www.tv2000.it\/retroscena\/wp-content\/uploads\/sites\/14\/2021\/02\/Danco--1024x576.jpg","_links":{"self":[{"href":"https:\/\/www.tv2000.it\/retroscena\/wp-json\/wp\/v2\/posts\/3831","targetHints":{"allow":["GET"]}}],"collection":[{"href":"https:\/\/www.tv2000.it\/retroscena\/wp-json\/wp\/v2\/posts"}],"about":[{"href":"https:\/\/www.tv2000.it\/retroscena\/wp-json\/wp\/v2\/types\/post"}],"author":[{"embeddable":true,"href":"https:\/\/www.tv2000.it\/retroscena\/wp-json\/wp\/v2\/users\/6"}],"replies":[{"embeddable":true,"href":"https:\/\/www.tv2000.it\/retroscena\/wp-json\/wp\/v2\/comments?post=3831"}],"version-history":[{"count":2,"href":"https:\/\/www.tv2000.it\/retroscena\/wp-json\/wp\/v2\/posts\/3831\/revisions"}],"predecessor-version":[{"id":3837,"href":"https:\/\/www.tv2000.it\/retroscena\/wp-json\/wp\/v2\/posts\/3831\/revisions\/3837"}],"wp:featuredmedia":[{"embeddable":true,"href":"https:\/\/www.tv2000.it\/retroscena\/wp-json\/wp\/v2\/media\/3835"}],"wp:attachment":[{"href":"https:\/\/www.tv2000.it\/retroscena\/wp-json\/wp\/v2\/media?parent=3831"}],"wp:term":[{"taxonomy":"category","embeddable":true,"href":"https:\/\/www.tv2000.it\/retroscena\/wp-json\/wp\/v2\/categories?post=3831"},{"taxonomy":"post_tag","embeddable":true,"href":"https:\/\/www.tv2000.it\/retroscena\/wp-json\/wp\/v2\/tags?post=3831"}],"curies":[{"name":"wp","href":"https:\/\/api.w.org\/{rel}","templated":true}]}}