{"id":388,"date":"2015-06-12T11:48:48","date_gmt":"2015-06-12T09:48:48","guid":{"rendered":"http:\/\/www.tv2000.it\/retroscena\/?p=388"},"modified":"2015-06-12T11:49:10","modified_gmt":"2015-06-12T09:49:10","slug":"retroscena-del-16-20-e-22-giugno-2015","status":"publish","type":"post","link":"https:\/\/www.tv2000.it\/retroscena\/2015\/06\/12\/retroscena-del-16-20-e-22-giugno-2015\/","title":{"rendered":"Retroscena del 16, 20 e 22 giugno 2015"},"content":{"rendered":"<p><img decoding=\"async\" class=\"aligncenter size-full wp-image-389\" src=\"http:\/\/www.tv2000.it\/retroscena\/wp-content\/uploads\/sites\/14\/2015\/06\/donbosco.jpg\" alt=\"don bosco il musical\" width=\"640\" height=\"383\" srcset=\"https:\/\/www.tv2000.it\/retroscena\/wp-content\/uploads\/sites\/14\/2015\/06\/donbosco.jpg 640w, https:\/\/www.tv2000.it\/retroscena\/wp-content\/uploads\/sites\/14\/2015\/06\/donbosco-300x180.jpg 300w, https:\/\/www.tv2000.it\/retroscena\/wp-content\/uploads\/sites\/14\/2015\/06\/donbosco-45x27.jpg 45w, https:\/\/www.tv2000.it\/retroscena\/wp-content\/uploads\/sites\/14\/2015\/06\/donbosco-280x168.jpg 280w\" sizes=\"(max-width: 640px) 100vw, 640px\" \/><\/p>\n<p><strong>Marcello Cirillo<\/strong> si racconta in esclusiva a \u201cRetroscena\u201d! In occasione di \u201cDon Bosco il Musical\u201d, ci svela il suo profondo legame con la congregazione dei salesiani che lo salvarono in un momento di smarrimento. Poi la tragica verit\u00e0 sulle due prime guerre mondiali raccontate dall\u2019occhio critico di \u201cRetroscena\u201d. Tutto questo nella ventottesima puntata di \u201cRetroscena \u2013 I segreti del teatro\u201d, un programma di Michele Sciancalepore, in onda marted\u00ec 16 giugno alle ore 01.05 su Tv2000 (in replica sabato 20 alle 14.25 e luned\u00ec 22 alle 00.55).<\/p>\n<p>&nbsp;<\/p>\n<p>Gianluca Foresi, porta in scena \u201cGiovent\u00f9 bruciate\u201d, spettacolo che celebra il centenario dell\u2019entrata in guerra dell\u2019Italia nella Prima Guerra Mondiale. Palcoscenico naturale, uno dei luoghi simbolo della citt\u00e0 di Orvieto, il Tempio del Belvedere. Noi abbiamo seguito le prove non solo per documentare il grande impegno della giovane compagnia &#8211; nata dal\u00a0laboratorio teatrale \u201cEssere\u00a0EstroVersi\u201d &#8211; ma anche per sottolineare il nobile scopo di usare il teatro come veicolo per valorizzare beni architettonici e artistici della citt\u00e0 etrusca, troppo spesso trascurati e dimenticati.<\/p>\n<p>&nbsp;<\/p>\n<p>Si continua con Gigi Dall\u2019Aglio che torna ad occuparsi dell\u2019Olocausto e lo fa attraverso \u201cHimmelweg\u201d &#8211; La via del cielo &#8211; portato in scena al Teatro Due di Parma. Un tragico fenomeno epocale diventa strumento di indagine sulle responsabilit\u00e0 umane. Nello spettacolo il potere delle immagini, la percezione e la restituzione della realt\u00e0 riescono a dimostrare quanto forte ed efficace possa rivelarsi l\u2019artificio teatrale, che pone domande scottanti sulle cecit\u00e0 storiche di chi l\u2019Olocausto lo \u201cvide\u201d ma non lo \u201cguard\u00f2\u201d e di chi ieri come oggi non osa indagare la verit\u00e0, ma ne \u00e8 passivo spettatore.<\/p>\n<p>&nbsp;<\/p>\n<p>Infine, Marcello Cirillo per la prima volta \u00e8 regista di \u201cDon Bosco il Musical\u201d. Vi raccontiamo le prove, la fatica e le gioie in un viaggio senza tempo alla totale comprensione dell\u2019azione grandiosa di quel prete \u201coperaio di Dio\u201d. Uno spettacolo riproposto in occasione del bicentenario della nascita di Don Giovanni Bosco: semplice, ma complesso nel suo veloce alternarsi di parti cantate, recitate e ballate. Una forma artistica moderna e innovativa.<\/p>\n<p>&nbsp;<\/p>\n<p><strong>Retroscena \u2013 I segreti del teatro, Viaggi nelle {cre}azioni. In onda ogni marted\u00ec alle 23.20 e in replica sabato alle 14.20 e il luned\u00ec seguente alle 23.20 su TV2000, canale 140 SKY, canale 28 digitale terrestre, canale 18 di tiv\u00f9sat<\/strong>.<\/p>\n","protected":false},"excerpt":{"rendered":"Marcello Cirillo si racconta in esclusiva a \u201cRetroscena\u201d! In occasione di \u201cDon Bosco il Musical\u201d, ci svela il suo profondo legame con la congregazione dei salesiani che lo salvarono in un momento di smarrimento. Poi la tragica verit\u00e0 sulle due prime guerre mondiali raccontate dall\u2019occhio critico di \u201cRetroscena\u201d. Tutto questo nella ventottesima puntata di \u201cRetroscena [&hellip;]","protected":false},"author":9,"featured_media":390,"comment_status":"open","ping_status":"open","sticky":false,"template":"","format":"standard","meta":{"_acf_changed":false,"footnotes":""},"categories":[6],"tags":[71,72,70],"class_list":["post-388","post","type-post","status-publish","format-standard","has-post-thumbnail","hentry","category-prossimamente","tag-gianluca-foresi","tag-gigi-dallaglio","tag-marcello-cirillo"],"acf":[],"aioseo_notices":[],"featured_image_url":"https:\/\/www.tv2000.it\/retroscena\/wp-content\/uploads\/sites\/14\/2015\/06\/cirillonews.jpg","_links":{"self":[{"href":"https:\/\/www.tv2000.it\/retroscena\/wp-json\/wp\/v2\/posts\/388","targetHints":{"allow":["GET"]}}],"collection":[{"href":"https:\/\/www.tv2000.it\/retroscena\/wp-json\/wp\/v2\/posts"}],"about":[{"href":"https:\/\/www.tv2000.it\/retroscena\/wp-json\/wp\/v2\/types\/post"}],"author":[{"embeddable":true,"href":"https:\/\/www.tv2000.it\/retroscena\/wp-json\/wp\/v2\/users\/9"}],"replies":[{"embeddable":true,"href":"https:\/\/www.tv2000.it\/retroscena\/wp-json\/wp\/v2\/comments?post=388"}],"version-history":[{"count":1,"href":"https:\/\/www.tv2000.it\/retroscena\/wp-json\/wp\/v2\/posts\/388\/revisions"}],"predecessor-version":[{"id":391,"href":"https:\/\/www.tv2000.it\/retroscena\/wp-json\/wp\/v2\/posts\/388\/revisions\/391"}],"wp:featuredmedia":[{"embeddable":true,"href":"https:\/\/www.tv2000.it\/retroscena\/wp-json\/wp\/v2\/media\/390"}],"wp:attachment":[{"href":"https:\/\/www.tv2000.it\/retroscena\/wp-json\/wp\/v2\/media?parent=388"}],"wp:term":[{"taxonomy":"category","embeddable":true,"href":"https:\/\/www.tv2000.it\/retroscena\/wp-json\/wp\/v2\/categories?post=388"},{"taxonomy":"post_tag","embeddable":true,"href":"https:\/\/www.tv2000.it\/retroscena\/wp-json\/wp\/v2\/tags?post=388"}],"curies":[{"name":"wp","href":"https:\/\/api.w.org\/{rel}","templated":true}]}}