{"id":412,"date":"2015-07-06T16:26:09","date_gmt":"2015-07-06T14:26:09","guid":{"rendered":"http:\/\/www.tv2000.it\/retroscena\/?p=412"},"modified":"2015-07-06T16:26:09","modified_gmt":"2015-07-06T14:26:09","slug":"retroscena-memory-del-7-e-13-luglio","status":"publish","type":"post","link":"https:\/\/www.tv2000.it\/retroscena\/2015\/07\/06\/retroscena-memory-del-7-e-13-luglio\/","title":{"rendered":"Retroscena MEMORY del 7 e 13 luglio"},"content":{"rendered":"<p><img decoding=\"async\" class=\"aligncenter size-full wp-image-413\" src=\"http:\/\/www.tv2000.it\/retroscena\/wp-content\/uploads\/sites\/14\/2015\/07\/birmania.jpg\" alt=\"Vita agli arresti di Aung San Suu Kyi\" width=\"640\" height=\"412\" srcset=\"https:\/\/www.tv2000.it\/retroscena\/wp-content\/uploads\/sites\/14\/2015\/07\/birmania.jpg 640w, https:\/\/www.tv2000.it\/retroscena\/wp-content\/uploads\/sites\/14\/2015\/07\/birmania-300x193.jpg 300w, https:\/\/www.tv2000.it\/retroscena\/wp-content\/uploads\/sites\/14\/2015\/07\/birmania-42x27.jpg 42w, https:\/\/www.tv2000.it\/retroscena\/wp-content\/uploads\/sites\/14\/2015\/07\/birmania-280x180.jpg 280w\" sizes=\"(max-width: 640px) 100vw, 640px\" \/><\/p>\n<p>Si racconta il \u201clontano\u201d per trovarlo sorprendentemente \u201cprossimo\u201d, nella seconda puntata di \u201cRetroscena MEMORY \u2013 I segreti del teatro\u201d, il programma di Michele Sciancalepore, in onda marted\u00ec 7 luglio alle ore 01.45 su TV2000 (in replica luned\u00ec 13 alle 00.40).<\/p>\n<p>Si va a Ravenna dove il Teatro delle Albe ha portato in scena la \u201csanta inquietudine\u201d di Aung San Suu Kyi, eroina birmana da 30 anni in lotta per la democrazia del suo Paese con le armi della spiritualit\u00e0 e dell\u2019amore! Attraverso il loro spettacolo, \u201cVita agli arresti di Aung San Suu Kyi\u201d, <strong>Marco Martinelli<\/strong> e <strong>Ermanna Montanari<\/strong> raccontano una vita che sceglie di non cedere alla violenza per \u201crestare esseri umani\u201d: nonostante tutto. \u201c\u00c8 distante la Birmania?\u201d\u2026 Evidentemente no&#8230;<\/p>\n<p>Per finire, la 12ma edizione di Supermagic 2015 \u2013 \u201cMeraviglia\u201d, ci stupisce con le sue atmosfere inconfondibili, perfetta miscela tra effetti speciali mai visti, sorprendenti apparizioni e inattese trasformazioni. Grazie al suo stile innovativo e a 50 grandi artisti di tutto il mondo magia, tecnologia e comicit\u00e0 diventano un unicum per momenti di grande intensit\u00e0 poetica.<\/p>\n<p>&nbsp;<\/p>\n<p><strong>Retroscena \u2013 I segreti del teatro, Viaggi nelle {cre}azioni. In onda ogni marted\u00ec alle 23.20 e in replica sabato alle 14.20 e il luned\u00ec seguente alle 23.20 su TV2000, canale 140 SKY, canale 28 digitale terrestre, canale 18 di tiv\u00f9sat<\/strong>.<\/p>\n","protected":false},"excerpt":{"rendered":"Si racconta il \u201clontano\u201d per trovarlo sorprendentemente \u201cprossimo\u201d, nella seconda puntata di \u201cRetroscena MEMORY \u2013 I segreti del teatro\u201d, il programma di Michele Sciancalepore, in onda marted\u00ec 7 luglio alle ore 01.45 su TV2000 (in replica luned\u00ec 13 alle 00.40). Si va a Ravenna dove il Teatro delle Albe ha portato in scena la \u201csanta [&hellip;]","protected":false},"author":9,"featured_media":413,"comment_status":"open","ping_status":"open","sticky":false,"template":"","format":"standard","meta":{"_acf_changed":false,"footnotes":""},"categories":[6],"tags":[],"class_list":["post-412","post","type-post","status-publish","format-standard","has-post-thumbnail","hentry","category-prossimamente"],"acf":[],"aioseo_notices":[],"featured_image_url":"https:\/\/www.tv2000.it\/retroscena\/wp-content\/uploads\/sites\/14\/2015\/07\/birmania.jpg","_links":{"self":[{"href":"https:\/\/www.tv2000.it\/retroscena\/wp-json\/wp\/v2\/posts\/412","targetHints":{"allow":["GET"]}}],"collection":[{"href":"https:\/\/www.tv2000.it\/retroscena\/wp-json\/wp\/v2\/posts"}],"about":[{"href":"https:\/\/www.tv2000.it\/retroscena\/wp-json\/wp\/v2\/types\/post"}],"author":[{"embeddable":true,"href":"https:\/\/www.tv2000.it\/retroscena\/wp-json\/wp\/v2\/users\/9"}],"replies":[{"embeddable":true,"href":"https:\/\/www.tv2000.it\/retroscena\/wp-json\/wp\/v2\/comments?post=412"}],"version-history":[{"count":1,"href":"https:\/\/www.tv2000.it\/retroscena\/wp-json\/wp\/v2\/posts\/412\/revisions"}],"predecessor-version":[{"id":414,"href":"https:\/\/www.tv2000.it\/retroscena\/wp-json\/wp\/v2\/posts\/412\/revisions\/414"}],"wp:featuredmedia":[{"embeddable":true,"href":"https:\/\/www.tv2000.it\/retroscena\/wp-json\/wp\/v2\/media\/413"}],"wp:attachment":[{"href":"https:\/\/www.tv2000.it\/retroscena\/wp-json\/wp\/v2\/media?parent=412"}],"wp:term":[{"taxonomy":"category","embeddable":true,"href":"https:\/\/www.tv2000.it\/retroscena\/wp-json\/wp\/v2\/categories?post=412"},{"taxonomy":"post_tag","embeddable":true,"href":"https:\/\/www.tv2000.it\/retroscena\/wp-json\/wp\/v2\/tags?post=412"}],"curies":[{"name":"wp","href":"https:\/\/api.w.org\/{rel}","templated":true}]}}