{"id":4158,"date":"2021-11-25T11:47:02","date_gmt":"2021-11-25T10:47:02","guid":{"rendered":"http:\/\/www.tv2000.it\/retroscena\/?p=4158"},"modified":"2021-11-25T11:54:59","modified_gmt":"2021-11-25T10:54:59","slug":"ascanio-in-visita-al-museo-pasolini","status":"publish","type":"post","link":"https:\/\/www.tv2000.it\/retroscena\/2021\/11\/25\/ascanio-in-visita-al-museo-pasolini\/","title":{"rendered":"Ascanio in visita al &#8220;Museo Pasolini&#8221;"},"content":{"rendered":"<p>&nbsp;<\/p>\n<figure id=\"attachment_4159\" aria-describedby=\"caption-attachment-4159\" style=\"width: 640px\" class=\"wp-caption alignnone\"><a href=\"https:\/\/www.tv2000.it\/retroscena\/wp-content\/uploads\/sites\/14\/2021\/11\/ascanio-celestini-treviglio-tae-teatro-706222.large_.jpg\"><img decoding=\"async\" class=\"size-large wp-image-4159\" src=\"https:\/\/www.tv2000.it\/retroscena\/wp-content\/uploads\/sites\/14\/2021\/11\/ascanio-celestini-treviglio-tae-teatro-706222.large_-1024x768.jpg\" alt=\"\" width=\"640\" height=\"480\" srcset=\"https:\/\/www.tv2000.it\/retroscena\/wp-content\/uploads\/sites\/14\/2021\/11\/ascanio-celestini-treviglio-tae-teatro-706222.large_.jpg 1024w, https:\/\/www.tv2000.it\/retroscena\/wp-content\/uploads\/sites\/14\/2021\/11\/ascanio-celestini-treviglio-tae-teatro-706222.large_-300x225.jpg 300w, https:\/\/www.tv2000.it\/retroscena\/wp-content\/uploads\/sites\/14\/2021\/11\/ascanio-celestini-treviglio-tae-teatro-706222.large_-768x576.jpg 768w, https:\/\/www.tv2000.it\/retroscena\/wp-content\/uploads\/sites\/14\/2021\/11\/ascanio-celestini-treviglio-tae-teatro-706222.large_-36x27.jpg 36w, https:\/\/www.tv2000.it\/retroscena\/wp-content\/uploads\/sites\/14\/2021\/11\/ascanio-celestini-treviglio-tae-teatro-706222.large_-280x210.jpg 280w, https:\/\/www.tv2000.it\/retroscena\/wp-content\/uploads\/sites\/14\/2021\/11\/ascanio-celestini-treviglio-tae-teatro-706222.large_-650x488.jpg 650w, https:\/\/www.tv2000.it\/retroscena\/wp-content\/uploads\/sites\/14\/2021\/11\/ascanio-celestini-treviglio-tae-teatro-706222.large_-600x450.jpg 600w\" sizes=\"(max-width: 640px) 100vw, 640px\" \/><\/a><figcaption id=\"caption-attachment-4159\" class=\"wp-caption-text\">L&#8217;attore e regista romano Ascanio Celestini in scena con &#8220;Museo Pasolini&#8221;<\/figcaption><\/figure>\n<p>Narni \u00abMa a questo punto non succede niente qui?\u00bb, chiede il tecnico dal fondo della platea del<strong> Teatro Manini di Narni<\/strong>. \u00abVeramente non succede niente per due ore\u00bb, ribatte sorridendo<strong> Ascanio Celestini<\/strong> dal palco, seduto sulla sua solita seggiolina di legno pieghevole, sotto le lampade domestiche, all&#8217;interno della consueta scena minimalista praticamente in linea con quella di <em>Radio Clandestina<\/em> del 2000. Andare a vedere Ascanio Celestini, seppur in prova al teatro della cittadina umbra dove ha debuttato in anteprima col suo nuovo lavoro <strong><em>Museo Pasolini<\/em> <\/strong>(l&#8217;1 e il 2 novembre all&#8217;<strong>Auditorium Parco della Musica<\/strong> per il <strong>RomaEuropa Festival<\/strong>), \u00e8 sempre per certi aspetti consolante e rassicurante. Ci sono solide e familiari certezze: la scenografia povera, la sua proverbiale e gentile ironia, la sua narrazione fluida, colloquiale e impreziosita con inciampi, reiterazioni, digressioni pertinenti all&#8217;oralit\u00e0 e determinanti per irretire nella &#8220;fabula&#8221;. E poi si sa gi\u00e0 che non accadr\u00e0 nulla di spettacolare, nessuna azione rocambolesca, n\u00e9 colpi di scena o effetti speciali. Eppure accanto a queste pacifiche e statiche sicurezze immancabilmente succede qualcosa di profondamente spiazzante e sussultante per la mente e la coscienza e da ogni spettacolo dello storico affabulatore se ne esce scossi da una sequenza di picchi tellurici che fanno macerie di giudizi e pregiudizi e fanno affiorare originali agnizioni, inediti svelamenti, imprevedibili punti di vista.<\/p>\n<p>\u00c8 andata cos\u00ec anche stavolta e succede di tutto con <em>Museo Pasolini<\/em>, complice anche la vastit\u00e0 e la verticalit\u00e0 della creazione artistica e saggistica e dell&#8217;esperienza umana del poeta friulano. Il narratore romano ci guida in questa ipotetica esposizione partendo dall&#8217;assunto di Vincenzo Cerami il quale, negli anni &#8217;50 allievo nella scuola media di Ciampino proprio di Pasolini che all&#8217;epoca guadagnava 27mila lire al mese, cos\u00ec defin\u00ec la funzione cruciale e illuminante per il nostro Paese della sconfinata produzione del suo insegnante: \u00abSe noi prendiamo tutta l&#8217;opera di Pasolini, dalla prima poesia che scrisse all&#8217;et\u00e0 di 7 anni fino al film Sal\u00f2, noi avremo il ritratto della storia italiana dalla fine del fascismo fino alla met\u00e0 degli anni &#8217;70\u00bb. In realt\u00e0, attraverso una narrazione per la prima volta rigorosamente cronologica, Celestini non si ferma al 2 novembre del 1975 e all&#8217;Idroscalo di Ostia, giorno e luogo del tragico ed efferato assassinio del poeta, ma va al di l\u00e0 di quella fatidica data e di quel desolato spazio di periferia per squarciare le coltri di ottusit\u00e0 e ignoranza che ammantano anche il presente: \u00abMi piacerebbe &#8211; confessa Celestini &#8211; che, una volta usciti da questo viaggio nel <em>Museo Pasolini<\/em>, ci si chieda: &#8220;E adesso? In che societ\u00e0 vivo?&#8221;\u00bb. Una domanda che inevitabilmente ci si pone dopo essere stati presi per mano e immersi in accadimenti privati e storici, in aneddoti immaginari e in rivelazioni appurabili, nel mondo pasoliniano pi\u00f9 autentico e complesso e in quello parallelo frutto di ricerche sul campo di chi, proprio come il poeta, non ha mai smesso di indagare e dialogare con gli ultimi e gli sfruttati, dai lavoratori precari in <em>Parole Sante<\/em> ai disagiati mentali in <em>La pecora nera<\/em>. La genesi dello spettacolo su Pasolini, infatti, risale a un incontro che Celestini ha avuto con Graziella Chiarcossi, moglie di Cerami e cugina del poeta, che gli ha metaforicamente e concretamente aperto l&#8217;album di famiglia. Parallelamente Ascanio avvia la sua indagine sul territorio in via Sagunto al Quadraro, lo storico quartiere a sud-est della Capitale, tradizionale roccaforte antifascista e negli anni &#8217;60 pullulante di migranti del sud Italia. \u00c8 l\u00ec che <em>Mamma Roma<\/em> arriva, in un&#8217;emblematica scena dell&#8217;omonimo film del 1962 di Pasolini, con il figlio Ettore. \u00c8 l\u00ec che Celestini intervista chi negli anni &#8217;70 viveva nelle baracche dell&#8217;Acquedotto Felice. Ed \u00e8 sempre l\u00ec che raccoglie l&#8217;edificante e struggente storia di &#8220;don Piccicola&#8221;, come viene rinominato nel suo racconto, nella realt\u00e0 don Roberto Sardelli, il prete degli ultimi fra gli ultimi che and\u00f2 a vivere in una di quelle catapecchie, vi fond\u00f2 la mitica &#8220;Scuola 725&#8221; e, ispirandosi agli insegnamenti di don Milani, diede la sua vita per il riscatto esistenziale e morale dei baraccati di Roma, impar\u00f2 il flamenco per dialogare con i rom e i sinti e infine profuse ogni energia per assistere i malati terminali di Aids. <em>Museo Pasolini<\/em> diventa cos\u00ec un geniale percorso ibrido in cui le vicende prettamente pasoliniane si fondono e dialogano con le testimonianze e le risonanze da esse evocate.<\/p>\n<p>\u00c8 una &#8220;full immersion&#8221; nelle pieghe e nelle piaghe della storia, della societ\u00e0 e della vita che straripa di racconti e riflessioni che qui si possono solo richiamare rapsodicamente. Si passa dalla storia commovente e grandguignolesca dei fratelli &#8220;Sandrone&#8221;, morti di crepacuore, alla riflessione di Pasolini sull&#8217;immortalit\u00e0 della poesia (\u00abmorir\u00f2 io, morir\u00e0 il mio editore morir\u00e0 il capitalismo ma la poesia rester\u00e0 inconsumata \u00bb); dalla storiella pedagogica del &#8220;buschesino&#8221;, il capostipite di tutte le merendine, all&#8217;oscuro, grottesco ma inquietante tentato golpe di Junio Valerio Borghese abortito \u00abperch\u00e9 il vero colpo di Stato \u00e8 quello che non c&#8217;\u00e8 e il cittadino deve vivere nel terrore, con la pistola puntata alla tempia\u00bb; dalle reazioni all&#8217;omicidio in concorso con ignoti di Pasolini che mise tutti i suoi detrattori d&#8217;accordo in quanto intellettuale di sinistra ma \u00aboutsider e scomodissimo &#8211; come scrisse a caldo la giornalista Rossana Rossanda &#8211; perch\u00e9 battagliava contro il &#8217;68, le femministe, l&#8217;aborto e la disobbedienza\u00bb, alla lettura dei macabri dettagli del verbale che rende ancor oggi sconcertante la sua barbara fine. \u00abEra il giorno 2 novembre del &#8217;75, anno 53\u00b0 dell&#8217;era fascista\u00bb: conclude con questa iperbolica provocazione Celestini la sua visita guidata al <em>Museo Pasolini<\/em> dove non \u00e8 vero che non succede niente, dove si vive una costante inquietudine e, citando un <em>refrain<\/em> della narrazione, c&#8217;\u00e8 \u00abun vento sempre senza pace\u00bb. RIPRODUZIONE RISERVATA<\/p>\n<p style=\"text-align: right;\"><em>di Michele Sciancalepore, fonte Avvenire<\/em><\/p>\n","protected":false},"excerpt":{"rendered":"&nbsp; Narni \u00abMa a questo punto non succede niente qui?\u00bb, chiede il tecnico dal fondo della platea del Teatro Manini di Narni. \u00abVeramente non succede niente per due ore\u00bb, ribatte sorridendo Ascanio Celestini dal palco, seduto sulla sua solita seggiolina di legno pieghevole, sotto le lampade domestiche, all&#8217;interno della consueta scena minimalista praticamente in linea [&hellip;]","protected":false},"author":32,"featured_media":4160,"comment_status":"open","ping_status":"open","sticky":false,"template":"","format":"standard","meta":{"_acf_changed":false,"footnotes":""},"categories":[90],"tags":[102,260,257,601,259,600,599,262],"class_list":["post-4158","post","type-post","status-publish","format-standard","has-post-thumbnail","hentry","category-le-nostre-recensioni","tag-ascanio-celestini","tag-avvenire","tag-michele-sciancalepore","tag-museo-pasolini","tag-retroscena","tag-romaeuropa-festival","tag-teatro-manini","tag-tv2000"],"acf":[],"aioseo_notices":[],"featured_image_url":"https:\/\/www.tv2000.it\/retroscena\/wp-content\/uploads\/sites\/14\/2021\/11\/teatro.it-ascanio-celestini-2021-853x1024.jpg","_links":{"self":[{"href":"https:\/\/www.tv2000.it\/retroscena\/wp-json\/wp\/v2\/posts\/4158","targetHints":{"allow":["GET"]}}],"collection":[{"href":"https:\/\/www.tv2000.it\/retroscena\/wp-json\/wp\/v2\/posts"}],"about":[{"href":"https:\/\/www.tv2000.it\/retroscena\/wp-json\/wp\/v2\/types\/post"}],"author":[{"embeddable":true,"href":"https:\/\/www.tv2000.it\/retroscena\/wp-json\/wp\/v2\/users\/32"}],"replies":[{"embeddable":true,"href":"https:\/\/www.tv2000.it\/retroscena\/wp-json\/wp\/v2\/comments?post=4158"}],"version-history":[{"count":4,"href":"https:\/\/www.tv2000.it\/retroscena\/wp-json\/wp\/v2\/posts\/4158\/revisions"}],"predecessor-version":[{"id":4166,"href":"https:\/\/www.tv2000.it\/retroscena\/wp-json\/wp\/v2\/posts\/4158\/revisions\/4166"}],"wp:featuredmedia":[{"embeddable":true,"href":"https:\/\/www.tv2000.it\/retroscena\/wp-json\/wp\/v2\/media\/4160"}],"wp:attachment":[{"href":"https:\/\/www.tv2000.it\/retroscena\/wp-json\/wp\/v2\/media?parent=4158"}],"wp:term":[{"taxonomy":"category","embeddable":true,"href":"https:\/\/www.tv2000.it\/retroscena\/wp-json\/wp\/v2\/categories?post=4158"},{"taxonomy":"post_tag","embeddable":true,"href":"https:\/\/www.tv2000.it\/retroscena\/wp-json\/wp\/v2\/tags?post=4158"}],"curies":[{"name":"wp","href":"https:\/\/api.w.org\/{rel}","templated":true}]}}