{"id":424,"date":"2015-09-24T20:36:24","date_gmt":"2015-09-24T18:36:24","guid":{"rendered":"http:\/\/www.tv2000.it\/retroscena\/?p=424"},"modified":"2015-09-28T15:01:03","modified_gmt":"2015-09-28T13:01:03","slug":"retroscena-del-29-settembre-e-5-ottobre-alessio-boni-e-la-rappresentazione-sacra-di-sordevolo","status":"publish","type":"post","link":"https:\/\/www.tv2000.it\/retroscena\/2015\/09\/24\/retroscena-del-29-settembre-e-5-ottobre-alessio-boni-e-la-rappresentazione-sacra-di-sordevolo\/","title":{"rendered":"Retroscena del 29 settembre e 5 ottobre: Alessio Boni e la rappresentazione sacra di Sordevolo"},"content":{"rendered":"<p><img decoding=\"async\" class=\"aligncenter size-full wp-image-426\" src=\"http:\/\/www.tv2000.it\/retroscena\/wp-content\/uploads\/sites\/14\/2015\/09\/boniart.jpg\" alt=\"Alessio Boni\" width=\"640\" height=\"338\" srcset=\"https:\/\/www.tv2000.it\/retroscena\/wp-content\/uploads\/sites\/14\/2015\/09\/boniart.jpg 640w, https:\/\/www.tv2000.it\/retroscena\/wp-content\/uploads\/sites\/14\/2015\/09\/boniart-300x158.jpg 300w, https:\/\/www.tv2000.it\/retroscena\/wp-content\/uploads\/sites\/14\/2015\/09\/boniart-51x27.jpg 51w, https:\/\/www.tv2000.it\/retroscena\/wp-content\/uploads\/sites\/14\/2015\/09\/boniart-280x148.jpg 280w\" sizes=\"(max-width: 640px) 100vw, 640px\" \/><\/p>\n<p>Nel primo appuntamento della stagione 2015-2016 <strong><em>Retroscena<\/em><\/strong> presenta due viaggi entrambi intensi e affascinanti e due citt\u00e0 accomunate da un unico intento: coinvolgere la comunit\u00e0 e renderla non solo partecipe ma protagonista di un evento che non \u00e8 meramente teatrale, bens\u00ec vitale! Un\u2019esperienza straordinaria resa concreta e immanente grazie alla \u2026 \u201cPassione\u201d!<\/p>\n<p>Un primo reportage ci porta a <strong>Brescia<\/strong> per il primo \u201c<strong><em>Festival della comunit\u00e0 di Corpus Hominis<\/em><\/strong>\u201d: una <em>full immersion<\/em> in eventi teatrali che dialogano con il corpo della citt\u00e0 declinando sul piano artistico le sette opere di misericordia corporale. Il corpo della citt\u00e0 \u00e8 spesso ferito. Le ferite vanno conosciute, sanate ed esigono risposte. Il festival <em>Corpus Hominis <\/em>ha indicato una strada per un impegno comune e per curare il corpo sociale. Per l\u2019occasione <strong><em>Retroscena <\/em><\/strong>ha incontrato e intervistato in esclusiva <strong><em>Alessio Boni<\/em><\/strong>.<\/p>\n<p>Da Brescia ai piedi delle Alpi, a <strong>Sordevolo<\/strong> (in provincia di Biella) per un altro evento comunitario che coinvolge l\u2019intera comunit\u00e0 dal 1816, attira 40 mila spettatori e persino i media d\u2019oltreoceano e si realizza ogni 5 anni con 400 attori sordevolesi (dai 5 agli 80 anni) che da giugno a settembre danno vita alla <em>Sacra Rappresentazione della Passione di Cristo<\/em>! Le telecamere di <strong><em>Retroscena<\/em><\/strong> hanno seguito l\u2019evento e raccontano il backstage di questa esperienza che fonde e intreccia fede, vita e arte!<\/p>\n<p>&nbsp;<\/p>\n<p><strong>Retroscena \u2013 i segreti del teatro, viaggi nelle {cre}azioni. In onda marted\u00ec 29 settembre alle 24.15 e in replica luned\u00ec 5 ottobre alle 23.30 su TV2000, canale 140 SKY, canale 28 digitale terrestre, canale 18 di tiv\u00f9sat<\/strong>.<\/p>\n","protected":false},"excerpt":{"rendered":"Nel primo appuntamento della stagione 2015-2016 Retroscena presenta due viaggi entrambi intensi e affascinanti e due citt\u00e0 accomunate da un unico intento: coinvolgere la comunit\u00e0 e renderla non solo partecipe ma protagonista di un evento che non \u00e8 meramente teatrale, bens\u00ec vitale! Un\u2019esperienza straordinaria resa concreta e immanente grazie alla \u2026 \u201cPassione\u201d! Un primo reportage [&hellip;]","protected":false},"author":9,"featured_media":425,"comment_status":"open","ping_status":"open","sticky":false,"template":"","format":"standard","meta":{"_acf_changed":false,"footnotes":""},"categories":[6],"tags":[],"class_list":["post-424","post","type-post","status-publish","format-standard","has-post-thumbnail","hentry","category-prossimamente"],"acf":[],"aioseo_notices":[],"featured_image_url":"https:\/\/www.tv2000.it\/retroscena\/wp-content\/uploads\/sites\/14\/2015\/09\/boninews.jpg","_links":{"self":[{"href":"https:\/\/www.tv2000.it\/retroscena\/wp-json\/wp\/v2\/posts\/424","targetHints":{"allow":["GET"]}}],"collection":[{"href":"https:\/\/www.tv2000.it\/retroscena\/wp-json\/wp\/v2\/posts"}],"about":[{"href":"https:\/\/www.tv2000.it\/retroscena\/wp-json\/wp\/v2\/types\/post"}],"author":[{"embeddable":true,"href":"https:\/\/www.tv2000.it\/retroscena\/wp-json\/wp\/v2\/users\/9"}],"replies":[{"embeddable":true,"href":"https:\/\/www.tv2000.it\/retroscena\/wp-json\/wp\/v2\/comments?post=424"}],"version-history":[{"count":2,"href":"https:\/\/www.tv2000.it\/retroscena\/wp-json\/wp\/v2\/posts\/424\/revisions"}],"predecessor-version":[{"id":430,"href":"https:\/\/www.tv2000.it\/retroscena\/wp-json\/wp\/v2\/posts\/424\/revisions\/430"}],"wp:featuredmedia":[{"embeddable":true,"href":"https:\/\/www.tv2000.it\/retroscena\/wp-json\/wp\/v2\/media\/425"}],"wp:attachment":[{"href":"https:\/\/www.tv2000.it\/retroscena\/wp-json\/wp\/v2\/media?parent=424"}],"wp:term":[{"taxonomy":"category","embeddable":true,"href":"https:\/\/www.tv2000.it\/retroscena\/wp-json\/wp\/v2\/categories?post=424"},{"taxonomy":"post_tag","embeddable":true,"href":"https:\/\/www.tv2000.it\/retroscena\/wp-json\/wp\/v2\/tags?post=424"}],"curies":[{"name":"wp","href":"https:\/\/api.w.org\/{rel}","templated":true}]}}