{"id":431,"date":"2015-10-02T11:53:24","date_gmt":"2015-10-02T09:53:24","guid":{"rendered":"http:\/\/www.tv2000.it\/retroscena\/?p=431"},"modified":"2015-10-02T11:53:24","modified_gmt":"2015-10-02T09:53:24","slug":"retroscena-del-6-11-e-12-ottobre-napoli-teatro-festival","status":"publish","type":"post","link":"https:\/\/www.tv2000.it\/retroscena\/2015\/10\/02\/retroscena-del-6-11-e-12-ottobre-napoli-teatro-festival\/","title":{"rendered":"Retroscena del 6, 11 e 12 ottobre: Napoli Teatro Festival"},"content":{"rendered":"<p style=\"text-align: left;\"><img decoding=\"async\" class=\"aligncenter size-full wp-image-432\" src=\"http:\/\/www.tv2000.it\/retroscena\/wp-content\/uploads\/sites\/14\/2015\/10\/napoliteatronews.jpg\" alt=\"napoli teatro festival\" width=\"640\" height=\"297\" srcset=\"https:\/\/www.tv2000.it\/retroscena\/wp-content\/uploads\/sites\/14\/2015\/10\/napoliteatronews.jpg 640w, https:\/\/www.tv2000.it\/retroscena\/wp-content\/uploads\/sites\/14\/2015\/10\/napoliteatronews-300x139.jpg 300w, https:\/\/www.tv2000.it\/retroscena\/wp-content\/uploads\/sites\/14\/2015\/10\/napoliteatronews-58x27.jpg 58w, https:\/\/www.tv2000.it\/retroscena\/wp-content\/uploads\/sites\/14\/2015\/10\/napoliteatronews-280x130.jpg 280w\" sizes=\"(max-width: 640px) 100vw, 640px\" \/><\/p>\n<p style=\"text-align: left;\">Questa settimana le telecamere di <strong>Retroscena <\/strong>muovono verso sud, destinazione Napoli, dove dal 3 al 28 giugno si \u00e8 svolta l\u2019ottava edizione del <strong>Napoli Teatro Festival<\/strong>.<\/p>\n<p style=\"text-align: left;\">A fare da \u2018quinta teatrale\u2019 alla rassegna partenopea uno degli insediamenti emblematici della citt\u00e0: il complesso monumentale di Castel Sant\u2019Elmo.<\/p>\n<p style=\"text-align: left;\">Qui si \u00e8 svolto anche il dopofestival, momento culminante del processo di osmosi tra pubblico, artisti e critici iniziato all\u2019interno degli spazi teatrali.<\/p>\n<p style=\"text-align: left;\">Tra nuova drammaturgia firmata da giovani artisti, danza internazionale e prosa italiana e straniera, <strong>Retroscena<\/strong> vi racconter\u00e0 alcuni degli spettacoli che pi\u00f9 ci hanno suggestionato e fatto riflettere, tra questi: \u2018<strong><em>Euridice e Orfeo\u2019 <\/em><\/strong><em>di Valeria Parrella <\/em>per la regia di <em>Davide Iodice<\/em>; \u2018<strong><em>Radioscopies\u2019 <\/em><\/strong>della coreografa francese <em>Mich\u00e8le Noiret<\/em>; \u2018<strong><em>Pre-Amleto<\/em><\/strong>\u2019 di <em>Michele Santeramo<\/em> per la regia di <em>Veronica Cruciani<\/em> e \u2018<strong><em>Chiudi gli occh<\/em><\/strong>i\u2019 di <em>Patrizia Zappa Mulas.<\/em><\/p>\n<p style=\"text-align: left;\">E proprio gli occhi e l\u2019atto del guardare saranno i protagonisti del nostro reportage, dove tra perdita della memoria e universi sensoriali nascosti, elaborazione del lutto e crisi della coscienza civile, scopriremo come ogni rivelazione artistica porta con s\u00e9 nuove domande e nuovi segreti.<\/p>\n<p style=\"text-align: left;\">Insomma, ancora una volta il teatro ci chiede uno sforzo oggigiorno non indifferente: quello di affinare uno sguardo che oltrepassi le apparenze per mettere a fuoco\u2026 le trasparenze.<\/p>\n<p>&nbsp;<\/p>\n<p><strong>Retroscena \u2013 i segreti del teatro, viaggi nelle {cre}azioni. In onda ogni marted\u00ec alle 00.30, in replica domenica alle 12.45 e il luned\u00ec seguente alle 23.20 su TV2000, canale 140 SKY, canale 28 digitale terrestre, canale 18 di tiv\u00f9sat.<\/strong><\/p>\n","protected":false},"excerpt":{"rendered":"Questa settimana le telecamere di Retroscena muovono verso sud, destinazione Napoli, dove dal 3 al 28 giugno si \u00e8 svolta l\u2019ottava edizione del Napoli Teatro Festival. A fare da \u2018quinta teatrale\u2019 alla rassegna partenopea uno degli insediamenti emblematici della citt\u00e0: il complesso monumentale di Castel Sant\u2019Elmo. Qui si \u00e8 svolto anche il dopofestival, momento culminante [&hellip;]","protected":false},"author":9,"featured_media":433,"comment_status":"open","ping_status":"open","sticky":false,"template":"","format":"standard","meta":{"_acf_changed":false,"footnotes":""},"categories":[6],"tags":[],"class_list":["post-431","post","type-post","status-publish","format-standard","has-post-thumbnail","hentry","category-prossimamente"],"acf":[],"aioseo_notices":[],"featured_image_url":"https:\/\/www.tv2000.it\/retroscena\/wp-content\/uploads\/sites\/14\/2015\/10\/napoliteatroant.jpg","_links":{"self":[{"href":"https:\/\/www.tv2000.it\/retroscena\/wp-json\/wp\/v2\/posts\/431","targetHints":{"allow":["GET"]}}],"collection":[{"href":"https:\/\/www.tv2000.it\/retroscena\/wp-json\/wp\/v2\/posts"}],"about":[{"href":"https:\/\/www.tv2000.it\/retroscena\/wp-json\/wp\/v2\/types\/post"}],"author":[{"embeddable":true,"href":"https:\/\/www.tv2000.it\/retroscena\/wp-json\/wp\/v2\/users\/9"}],"replies":[{"embeddable":true,"href":"https:\/\/www.tv2000.it\/retroscena\/wp-json\/wp\/v2\/comments?post=431"}],"version-history":[{"count":1,"href":"https:\/\/www.tv2000.it\/retroscena\/wp-json\/wp\/v2\/posts\/431\/revisions"}],"predecessor-version":[{"id":434,"href":"https:\/\/www.tv2000.it\/retroscena\/wp-json\/wp\/v2\/posts\/431\/revisions\/434"}],"wp:featuredmedia":[{"embeddable":true,"href":"https:\/\/www.tv2000.it\/retroscena\/wp-json\/wp\/v2\/media\/433"}],"wp:attachment":[{"href":"https:\/\/www.tv2000.it\/retroscena\/wp-json\/wp\/v2\/media?parent=431"}],"wp:term":[{"taxonomy":"category","embeddable":true,"href":"https:\/\/www.tv2000.it\/retroscena\/wp-json\/wp\/v2\/categories?post=431"},{"taxonomy":"post_tag","embeddable":true,"href":"https:\/\/www.tv2000.it\/retroscena\/wp-json\/wp\/v2\/tags?post=431"}],"curies":[{"name":"wp","href":"https:\/\/api.w.org\/{rel}","templated":true}]}}