{"id":452,"date":"2015-10-19T19:49:41","date_gmt":"2015-10-19T17:49:41","guid":{"rendered":"http:\/\/www.tv2000.it\/retroscena\/?p=452"},"modified":"2015-10-20T18:18:30","modified_gmt":"2015-10-20T16:18:30","slug":"retroscena-del-20-25-e-26-ottobre-il-linguaggio-del-corpo","status":"publish","type":"post","link":"https:\/\/www.tv2000.it\/retroscena\/2015\/10\/19\/retroscena-del-20-25-e-26-ottobre-il-linguaggio-del-corpo\/","title":{"rendered":"Retroscena del 20, 25 e 26 ottobre &#8211; &#8220;Il linguaggio del corpo&#8221;"},"content":{"rendered":"<p><a href=\"http:\/\/www.tv2000.it\/retroscena\/wp-content\/uploads\/sites\/14\/2015\/10\/retro.jpg\"><img decoding=\"async\" class=\"aligncenter size-full wp-image-459\" src=\"http:\/\/www.tv2000.it\/retroscena\/wp-content\/uploads\/sites\/14\/2015\/10\/retro.jpg\" alt=\"Lava Bubbles\" width=\"640\" height=\"426\" srcset=\"https:\/\/www.tv2000.it\/retroscena\/wp-content\/uploads\/sites\/14\/2015\/10\/retro.jpg 640w, https:\/\/www.tv2000.it\/retroscena\/wp-content\/uploads\/sites\/14\/2015\/10\/retro-300x200.jpg 300w, https:\/\/www.tv2000.it\/retroscena\/wp-content\/uploads\/sites\/14\/2015\/10\/retro-41x27.jpg 41w, https:\/\/www.tv2000.it\/retroscena\/wp-content\/uploads\/sites\/14\/2015\/10\/retro-280x186.jpg 280w\" sizes=\"(max-width: 640px) 100vw, 640px\" \/><\/a><\/p>\n<p><strong><em>Retroscena<\/em><\/strong> e <strong>Michele Sciancalepore <\/strong>vi portano, marted\u00ec 20 ottobre alle 24.05, domenica 25 ottobre alle 12.45 e luned\u00ec 26 alle 23.35, sull\u2019Etna e tra i richiedenti asilo per dar voce a chi non viene ascoltato e per far parlare il linguaggio del corpo. Esiste un linguaggio fisico, arcaico e intuitivo, che costituisce un \u2018<em>parlare<\/em>\u2019 altrettanto significativo. Un linguaggio fatto di gesti, posture e suoni che fa ribollire incessantemente il nostro corpo: la danza. Magma espressivo che scorre e prorompe come dalla sommit\u00e0 di un vulcano.<\/p>\n<p>Una sommit\u00e0 che le telecamere di \u2018Retroscena\u2019 hanno scalato, arrivando sino a 2000 metri di altezza, ai \u201ccrateri Silvestri\u201d dell\u2019Etna per intervistare il coreografo <em>Roberto Zappal\u00e0<\/em>, ideatore di \u201c<strong><em>Lava Bubbles<\/em><\/strong>\u201d: performance di danza contemporanea svoltasi sul palcoscenico naturale di piazza dell\u2019Universit\u00e0 di Catania.<\/p>\n<p>La quarta puntata di \u2018<strong>Retroscena<\/strong>\u2019 proseguir\u00e0 poi accompagnandovi alla scoperta di altri corpi, invisibili perch\u00e9 inascoltati, ma capaci di comunicare verit\u00e0 essenziali che nessuna parola potrebbe cogliere.<\/p>\n<p>Identit\u00e0 negate e annegate a cui il teatro ha saputo dar voce.<\/p>\n<p>Vi porteremo nel C.a.r.a. &#8211; centro richiedenti assistenti asilo- di Castelnuovo di Porto, a Roma, dove 24 migranti provenienti dall\u2019Africa hanno partecipato al laboratorio teatrale di <em>Riccardo Vannuccini<\/em>, culminato nella messa in scena di \u201c<strong><em>Sabbia<\/em><\/strong>\u201d; uno spettacolo che riflette e fa riflettere sulla sacralit\u00e0 dell\u2019accoglienza, ricordandoci, laddove ce ne fosse bisogno, quanto lo straniero sia sempre stato caro a Dio.<\/p>\n<p><strong>Retroscena \u2013 i segreti del teatro, viaggi nelle {cre}azioni. Un programma di Michele Sciancalepore, in onda il luned\u00ec e il marted\u00ec in seconda serata dopo il Rosario e la domenica alle 12.45 su TV2000, canale 140 SKY, canale 28 digitale terrestre, canale 18 di tiv\u00f9sat.<\/strong><\/p>\n","protected":false},"excerpt":{"rendered":"Retroscena e Michele Sciancalepore vi portano, marted\u00ec 20 ottobre alle 24.05, domenica 25 ottobre alle 12.45 e luned\u00ec 26 alle 23.35, sull\u2019Etna e tra i richiedenti asilo per dar voce a chi non viene ascoltato e per far parlare il linguaggio del corpo. Esiste un linguaggio fisico, arcaico e intuitivo, che costituisce un \u2018parlare\u2019 altrettanto [&hellip;]","protected":false},"author":9,"featured_media":453,"comment_status":"open","ping_status":"open","sticky":false,"template":"","format":"standard","meta":{"_acf_changed":false,"footnotes":""},"categories":[6],"tags":[78,77],"class_list":["post-452","post","type-post","status-publish","format-standard","has-post-thumbnail","hentry","category-prossimamente","tag-riccardo-vannuccini","tag-roberto-zappala"],"acf":[],"aioseo_notices":[],"featured_image_url":"https:\/\/www.tv2000.it\/retroscena\/wp-content\/uploads\/sites\/14\/2015\/10\/zappalanews.jpg","_links":{"self":[{"href":"https:\/\/www.tv2000.it\/retroscena\/wp-json\/wp\/v2\/posts\/452","targetHints":{"allow":["GET"]}}],"collection":[{"href":"https:\/\/www.tv2000.it\/retroscena\/wp-json\/wp\/v2\/posts"}],"about":[{"href":"https:\/\/www.tv2000.it\/retroscena\/wp-json\/wp\/v2\/types\/post"}],"author":[{"embeddable":true,"href":"https:\/\/www.tv2000.it\/retroscena\/wp-json\/wp\/v2\/users\/9"}],"replies":[{"embeddable":true,"href":"https:\/\/www.tv2000.it\/retroscena\/wp-json\/wp\/v2\/comments?post=452"}],"version-history":[{"count":2,"href":"https:\/\/www.tv2000.it\/retroscena\/wp-json\/wp\/v2\/posts\/452\/revisions"}],"predecessor-version":[{"id":460,"href":"https:\/\/www.tv2000.it\/retroscena\/wp-json\/wp\/v2\/posts\/452\/revisions\/460"}],"wp:featuredmedia":[{"embeddable":true,"href":"https:\/\/www.tv2000.it\/retroscena\/wp-json\/wp\/v2\/media\/453"}],"wp:attachment":[{"href":"https:\/\/www.tv2000.it\/retroscena\/wp-json\/wp\/v2\/media?parent=452"}],"wp:term":[{"taxonomy":"category","embeddable":true,"href":"https:\/\/www.tv2000.it\/retroscena\/wp-json\/wp\/v2\/categories?post=452"},{"taxonomy":"post_tag","embeddable":true,"href":"https:\/\/www.tv2000.it\/retroscena\/wp-json\/wp\/v2\/tags?post=452"}],"curies":[{"name":"wp","href":"https:\/\/api.w.org\/{rel}","templated":true}]}}