{"id":478,"date":"2015-11-02T16:45:11","date_gmt":"2015-11-02T15:45:11","guid":{"rendered":"http:\/\/www.tv2000.it\/retroscena\/?p=478"},"modified":"2015-11-02T16:46:04","modified_gmt":"2015-11-02T15:46:04","slug":"retroscena-del-3-8-e-9-novembre-gabriele-lavia-e-il-suo-vita-di-galileo","status":"publish","type":"post","link":"https:\/\/www.tv2000.it\/retroscena\/2015\/11\/02\/retroscena-del-3-8-e-9-novembre-gabriele-lavia-e-il-suo-vita-di-galileo\/","title":{"rendered":"Retroscena del 3, 8 e 9 novembre: Gabriele Lavia e il suo &#8220;Vita di Galileo&#8221;"},"content":{"rendered":"<p><a href=\"http:\/\/www.tv2000.it\/retroscena\/wp-content\/uploads\/sites\/14\/2015\/11\/lavia_galileo.jpg\"><img decoding=\"async\" class=\"aligncenter size-full wp-image-479\" src=\"http:\/\/www.tv2000.it\/retroscena\/wp-content\/uploads\/sites\/14\/2015\/11\/lavia_galileo.jpg\" alt=\"Gabriele Lavia\" width=\"600\" height=\"321\" srcset=\"https:\/\/www.tv2000.it\/retroscena\/wp-content\/uploads\/sites\/14\/2015\/11\/lavia_galileo.jpg 600w, https:\/\/www.tv2000.it\/retroscena\/wp-content\/uploads\/sites\/14\/2015\/11\/lavia_galileo-300x161.jpg 300w, https:\/\/www.tv2000.it\/retroscena\/wp-content\/uploads\/sites\/14\/2015\/11\/lavia_galileo-50x27.jpg 50w, https:\/\/www.tv2000.it\/retroscena\/wp-content\/uploads\/sites\/14\/2015\/11\/lavia_galileo-280x150.jpg 280w\" sizes=\"(max-width: 600px) 100vw, 600px\" \/><\/a><\/p>\n<p><strong>Ga<\/strong><strong>briele Lavia <\/strong>mattatore assoluto nel sesto appuntamento stagionale di \u201c<strong>Retroscena<\/strong>\u201d in onda su Tv2000 (Canale 28) marted\u00ec 3 novembre all\u2019 1.05, domenica 8 novembre alle 12.45 e luned\u00ec 9 novembre alle 23.45.<\/p>\n<p>A sessant\u2019anni dalla scomparsa del celebre \u2018scrittore di teatro\u2019 Bertolt Brecht, il Maestro dirige e interpreta per la prima volta nella sua lunga carriera: <strong>\u2018Vita di Galileo\u2019 <\/strong>.<\/p>\n<p>A met\u00e0 tra dramma e autobiografia lo spettacolo racconta la vita del celebre scienziato che con le sue rivoluzionarie intuizioni rischia di mettere a repentaglio gli equilibri teologici e sociali del suo tempo; uno spettacolo che interroga lo spettatore sui rapporti tra scienza e morale, individuo e collettivit\u00e0, libert\u00e0 e responsabilit\u00e0.<\/p>\n<p>Quid est veritas? Che cos\u2019\u00e8 la verit\u00e0? E\u2019 questa la domanda che Brecht pone e<\/p>\n<p>per cercare di trovare la risposta a questa interrogazione le telecamere di \u201cRetroscena\u201d sono arrivate a Firenze, sul palcoscenico del primo e pi\u00f9 grande esempio di teatro all\u2019italiana: \u201cIl teatro della Pergola\u201d<\/p>\n<p>Qui uno degli ultimi maestri della scena contemporanea italiana, <strong>Gabriele Lavia<\/strong> ci ha accolto per assistere alle prove del suo \u2018<strong>Vita di Galileo<\/strong>\u2019, accompagnandoci nel dietro le quinte del suo processo creativo.<\/p>\n<p>\u201c<em>L\u2019essenza della verit\u00e0\u201d,<\/em> spiega Lavia<em>, \u201c\u00e8 la libert\u00e0. Non si pu\u00f2 trovare la verit\u00e0 se non a costo, duro, difficile, doloroso, della libert\u00e0. La libert\u00e0 non \u00e8 fare quello che ci pare, \u00e8 la limitatezza della conoscenza. Brecht \u00e8 un politico e parla della verit\u00e0 della p\u00f2lis, dello stare al mondo insieme con gli altri<\/em>.\u201d<\/p>\n<p>Come non tutto ci\u00f2 che si trova in cielo ruota intorno alla Terra cos\u00ec non tutto ci\u00f2 che si trova sulla Terra ruota intorno a noi: questo sembrano affermare con forza Bertolt Brecht e Gabriele Lavia.<\/p>\n<p><strong>Retroscena \u2013 i segreti del teatro, viaggi nelle {cre}azioni. Un programma di Michele Sciancalepore, in onda il luned\u00ec e il marted\u00ec in seconda serata dopo il Rosario e la domenica alle 12.45 su TV2000, canale 140 SKY, canale 28 digitale terrestre, canale 18 di tiv\u00f9sat.<\/strong><\/p>\n","protected":false},"excerpt":{"rendered":"Gabriele Lavia mattatore assoluto nel sesto appuntamento stagionale di \u201cRetroscena\u201d in onda su Tv2000 (Canale 28) marted\u00ec 3 novembre all\u2019 1.05, domenica 8 novembre alle 12.45 e luned\u00ec 9 novembre alle 23.45. A sessant\u2019anni dalla scomparsa del celebre \u2018scrittore di teatro\u2019 Bertolt Brecht, il Maestro dirige e interpreta per la prima volta nella sua lunga [&hellip;]","protected":false},"author":9,"featured_media":480,"comment_status":"open","ping_status":"open","sticky":false,"template":"","format":"standard","meta":{"_acf_changed":false,"footnotes":""},"categories":[6],"tags":[45],"class_list":["post-478","post","type-post","status-publish","format-standard","has-post-thumbnail","hentry","category-prossimamente","tag-gabriele-lavia"],"acf":[],"aioseo_notices":[],"featured_image_url":"https:\/\/www.tv2000.it\/retroscena\/wp-content\/uploads\/sites\/14\/2015\/11\/galileonews.jpg","_links":{"self":[{"href":"https:\/\/www.tv2000.it\/retroscena\/wp-json\/wp\/v2\/posts\/478","targetHints":{"allow":["GET"]}}],"collection":[{"href":"https:\/\/www.tv2000.it\/retroscena\/wp-json\/wp\/v2\/posts"}],"about":[{"href":"https:\/\/www.tv2000.it\/retroscena\/wp-json\/wp\/v2\/types\/post"}],"author":[{"embeddable":true,"href":"https:\/\/www.tv2000.it\/retroscena\/wp-json\/wp\/v2\/users\/9"}],"replies":[{"embeddable":true,"href":"https:\/\/www.tv2000.it\/retroscena\/wp-json\/wp\/v2\/comments?post=478"}],"version-history":[{"count":2,"href":"https:\/\/www.tv2000.it\/retroscena\/wp-json\/wp\/v2\/posts\/478\/revisions"}],"predecessor-version":[{"id":482,"href":"https:\/\/www.tv2000.it\/retroscena\/wp-json\/wp\/v2\/posts\/478\/revisions\/482"}],"wp:featuredmedia":[{"embeddable":true,"href":"https:\/\/www.tv2000.it\/retroscena\/wp-json\/wp\/v2\/media\/480"}],"wp:attachment":[{"href":"https:\/\/www.tv2000.it\/retroscena\/wp-json\/wp\/v2\/media?parent=478"}],"wp:term":[{"taxonomy":"category","embeddable":true,"href":"https:\/\/www.tv2000.it\/retroscena\/wp-json\/wp\/v2\/categories?post=478"},{"taxonomy":"post_tag","embeddable":true,"href":"https:\/\/www.tv2000.it\/retroscena\/wp-json\/wp\/v2\/tags?post=478"}],"curies":[{"name":"wp","href":"https:\/\/api.w.org\/{rel}","templated":true}]}}