{"id":498,"date":"2015-11-24T12:39:02","date_gmt":"2015-11-24T11:39:02","guid":{"rendered":"http:\/\/www.tv2000.it\/retroscena\/?p=498"},"modified":"2015-11-24T12:39:02","modified_gmt":"2015-11-24T11:39:02","slug":"a-retroscena-gli-spettacoli-clausure-e-abramo-il-24-e-30-novembre","status":"publish","type":"post","link":"https:\/\/www.tv2000.it\/retroscena\/2015\/11\/24\/a-retroscena-gli-spettacoli-clausure-e-abramo-il-24-e-30-novembre\/","title":{"rendered":"A Retroscena gli spettacoli \u201cClausure\u201d e Abramo il 24 e 30 novembre"},"content":{"rendered":"<p>Tante domande ineludibili, altrettante risposte problematiche nell\u2019ottavo appuntamento di <strong><em>Retroscena<\/em><\/strong>, il programma condotto da <strong>Michele Sciancalepore <\/strong>in onda\u00a0marted\u00ec 24 novembre alle 1.25 e luned\u00ec 30 novembre alle 00.35 su Tv2000 (Canale 140 SKY, canale 28 digitale terrestre, canale 18 di tiv\u00f9sat). Le pone innanzitutto lo spettacolo \u201c<strong><em>Clausure<\/em><\/strong>\u201d, tratto dal testo originale di <strong><em>Marina Pizzi<\/em><\/strong>, per la regia di <strong><em>Francesca Satta Flores<\/em><\/strong>, che ha debuttato la scorsa estate al <strong>Todi Festival<\/strong>: perch\u00e9 la vita di clausura non \u00e8 chiusura ma apertura? Perch\u00e9 non \u00e8 prigione bens\u00ec libert\u00e0? Perch\u00e9 dentro i monasteri non si vive fuori dal mondo ma dentro la realt\u00e0, dentro la propria esistenza? Insomma perch\u00e9 la clausura \u00e8 uno spazio chiuso proiettato verso il cielo e l\u2019infinito? La scena si svolge in un parlatorio benedettino dove si scontreranno due visioni della vita: il cinismo della nostra epoca e la spiritualit\u00e0 e la sua inconsapevole ricerca; impersonate rispettivamente da Irma, intrigante immobiliarista cinquantenne senza scrupoli, e madre Paola, coraggiosa e consapevole badessa di un convento quasi in rovina.<\/p>\n<p>Ma le domande non finiscono qui: e se Abramo avesse ucciso Isacco quale storia ne sarebbe scaturita? \u00c8 questa la domanda che si \u00e8 posto il filosofo <strong><em>Ermanno Bencivenga<\/em><\/strong>, da cui \u00e8 tratto l\u2019altro spettacolo che vi proporremo: \u201c<strong><em>Abramo<\/em><\/strong>\u201d , andato in scena al <strong>teatro \u201cKismet\u201d di Bari<\/strong> per l\u2019adattamento e la regia di <strong><em>Teresa Ludovico<\/em><\/strong>.<\/p>\n<p>Il protagonista dello spettacolo \u00e8 infatti solo un riflesso dell\u2019Abramo delle sacre scritture: un padre-padrone che impugner\u00e0 il coltello del sacrificio e uccider\u00e0 suo figlio Isacco, un uomo delirante e grottesco che con la sua scelta ottusa trasformer\u00e0 la sua casa in un cumulo di macerie.<\/p>\n<p>Se tutte queste domande vi sembrano troppe non spaventatevi, ci pensa il teatro a proporvi le risposte. Ci pensa Retroscena.<\/p>\n","protected":false},"excerpt":{"rendered":"Tante domande ineludibili, altrettante risposte problematiche nell\u2019ottavo appuntamento di Retroscena, il programma condotto da Michele Sciancalepore in onda\u00a0marted\u00ec 24 novembre alle 1.25 e luned\u00ec 30 novembre alle 00.35 su Tv2000 (Canale 140 SKY, canale 28 digitale terrestre, canale 18 di tiv\u00f9sat). Le pone innanzitutto lo spettacolo \u201cClausure\u201d, tratto dal testo originale di Marina Pizzi, per [&hellip;]","protected":false},"author":9,"featured_media":499,"comment_status":"open","ping_status":"open","sticky":false,"template":"","format":"standard","meta":{"_acf_changed":false,"footnotes":""},"categories":[6],"tags":[],"class_list":["post-498","post","type-post","status-publish","format-standard","has-post-thumbnail","hentry","category-prossimamente"],"acf":[],"aioseo_notices":[],"featured_image_url":"https:\/\/www.tv2000.it\/retroscena\/wp-content\/uploads\/sites\/14\/2015\/11\/clausurenews.jpg","_links":{"self":[{"href":"https:\/\/www.tv2000.it\/retroscena\/wp-json\/wp\/v2\/posts\/498","targetHints":{"allow":["GET"]}}],"collection":[{"href":"https:\/\/www.tv2000.it\/retroscena\/wp-json\/wp\/v2\/posts"}],"about":[{"href":"https:\/\/www.tv2000.it\/retroscena\/wp-json\/wp\/v2\/types\/post"}],"author":[{"embeddable":true,"href":"https:\/\/www.tv2000.it\/retroscena\/wp-json\/wp\/v2\/users\/9"}],"replies":[{"embeddable":true,"href":"https:\/\/www.tv2000.it\/retroscena\/wp-json\/wp\/v2\/comments?post=498"}],"version-history":[{"count":1,"href":"https:\/\/www.tv2000.it\/retroscena\/wp-json\/wp\/v2\/posts\/498\/revisions"}],"predecessor-version":[{"id":500,"href":"https:\/\/www.tv2000.it\/retroscena\/wp-json\/wp\/v2\/posts\/498\/revisions\/500"}],"wp:featuredmedia":[{"embeddable":true,"href":"https:\/\/www.tv2000.it\/retroscena\/wp-json\/wp\/v2\/media\/499"}],"wp:attachment":[{"href":"https:\/\/www.tv2000.it\/retroscena\/wp-json\/wp\/v2\/media?parent=498"}],"wp:term":[{"taxonomy":"category","embeddable":true,"href":"https:\/\/www.tv2000.it\/retroscena\/wp-json\/wp\/v2\/categories?post=498"},{"taxonomy":"post_tag","embeddable":true,"href":"https:\/\/www.tv2000.it\/retroscena\/wp-json\/wp\/v2\/tags?post=498"}],"curies":[{"name":"wp","href":"https:\/\/api.w.org\/{rel}","templated":true}]}}