{"id":521,"date":"2015-12-02T18:55:26","date_gmt":"2015-12-02T17:55:26","guid":{"rendered":"http:\/\/www.tv2000.it\/retroscena\/?p=521"},"modified":"2015-12-02T18:55:26","modified_gmt":"2015-12-02T17:55:26","slug":"a-retroscena-gli-spettacoli-verdi-re-lear-lopera-che-non-ce-e-dallinferno-al-paradiso-l8-il-13-e-14-dicembre","status":"publish","type":"post","link":"https:\/\/www.tv2000.it\/retroscena\/2015\/12\/02\/a-retroscena-gli-spettacoli-verdi-re-lear-lopera-che-non-ce-e-dallinferno-al-paradiso-l8-il-13-e-14-dicembre\/","title":{"rendered":"A Retroscena gli spettacoli \u201cVerdi Re Lear- L\u2019opera che non c\u2019\u00e8\u201d e \u201cDall\u2019Inferno al Paradiso\u201d. L&#8217;8, il 13 e 14 dicembre"},"content":{"rendered":"<p><a href=\"http:\/\/www.tv2000.it\/retroscena\/wp-content\/uploads\/sites\/14\/2015\/12\/relearsito.jpg\"><img decoding=\"async\" class=\"aligncenter size-full wp-image-522\" src=\"http:\/\/www.tv2000.it\/retroscena\/wp-content\/uploads\/sites\/14\/2015\/12\/relearsito.jpg\" alt=\"Verdi Re Lear- L\u2019opera che non c\u2019\u00e8\" width=\"640\" height=\"433\" srcset=\"https:\/\/www.tv2000.it\/retroscena\/wp-content\/uploads\/sites\/14\/2015\/12\/relearsito.jpg 640w, https:\/\/www.tv2000.it\/retroscena\/wp-content\/uploads\/sites\/14\/2015\/12\/relearsito-300x203.jpg 300w, https:\/\/www.tv2000.it\/retroscena\/wp-content\/uploads\/sites\/14\/2015\/12\/relearsito-40x27.jpg 40w, https:\/\/www.tv2000.it\/retroscena\/wp-content\/uploads\/sites\/14\/2015\/12\/relearsito-280x189.jpg 280w\" sizes=\"(max-width: 640px) 100vw, 640px\" \/><\/a><\/p>\n<p>Che cosa accade se la lirica si fonde con l\u2019avanguardia? Cosa succede se si cerca di dar forma visibilit\u00e0 e suono all\u2019invisibile e all\u2019inaudito? Lo scopriremo nella decima puntata di <strong><span style=\"text-decoration: underline;\">Retroscena<\/span><\/strong>, in onda <strong>marted\u00ec 8 dicembre all&#8217; 1.50, domenica 13 dicembre alle 12.45 e luned\u00ec 14 dicembre all&#8217;1.00 su Tv2000, <\/strong>che questa volta vi porter\u00e0 in uno dei templi dell\u2019opera, il Teatro Regio di Parma. Qui <strong>Michele Sciancalepore<\/strong> ha assistito all\u2019incontro-scontro fra la tradizione pi\u00f9 consolidata e la sperimentazione pi\u00f9 spinta. Cosa capita se una delle compagnie pi\u00f9 visionarie e oniriche della ricerca italiana decide di portare in scena un\u2019opera sempre pensata, agognata, inseguita da Giuseppe Verdi ma mai scritta n\u00e9 tantomeno musicata? Ne scaturisce \u201c<strong>Verdi Re Lear- L\u2019opera che non c\u2019\u00e8\u201d<\/strong>, una ricerca drammaturgica, visiva e performativa di <em>Francesco Pititto<\/em> e <em>Maria Federica Maestri<\/em>, alla testa della prestigiosa e innovativa compagnia <strong><em>Lenz Rifrazioni<\/em><\/strong>.<\/p>\n<p>I due artisti si cimentano nella ricomposizione di un\u2019opera incompiuta, ovvero quel \u201cRe Lear\u201d mai musicato a cui Giuseppe Verdi si dedic\u00f2 senza mai portarlo a termine, fondendo arie e suggestioni dell\u2019opera lirica con le contemporanee sonorit\u00e0 della musica elettronica del compositore <strong>Robin Rimbaud aka Scanner<\/strong>.<\/p>\n<p>A seguire percorreremo ancora le strade della contaminazione tra tradizione e avanguardia con lo spettacolo \u201c<strong>Dall\u2019Inferno al Paradiso<\/strong>\u201d, allestimento tratto dalla Divina Commedia dantesca e nato dall\u2019immaginazione di <em>Emiliano Pellisari<\/em>, coreografo della compagnia di danza <strong><em>No Gravity<\/em><\/strong>.<\/p>\n<p>Grazie anche al recupero di tecniche sceniche e illusionistiche care al teatro barocco i suoi danzatori-acrobati sfideranno la gravit\u00e0 perdendo letteralmente peso in uno scenario visivo strabiliante per lo spettatore.<\/p>\n<p>Cos\u00ec, cantica dopo cantica, dal buio prenderanno forma una carrellata fantasmagorica di colori e movimenti prodotti dal corpo di ballo che illumineranno da una prospettiva inedita l\u2019intero percorso dantesco.<\/p>\n<p><strong>Retroscena \u2013 i segreti del teatro, viaggi nelle {cre}azioni. Un programma di Michele Sciancalepore, in onda luned\u00ec e marted\u00ec in seconda serata dopo il Rosario e la domenica alle 12.45 su TV2000. Canale 140 SKY, canale 28 digitale terrestre, canale 18 di tiv\u00f9sat.<\/strong><\/p>\n","protected":false},"excerpt":{"rendered":"Che cosa accade se la lirica si fonde con l\u2019avanguardia? Cosa succede se si cerca di dar forma visibilit\u00e0 e suono all\u2019invisibile e all\u2019inaudito? Lo scopriremo nella decima puntata di Retroscena, in onda marted\u00ec 8 dicembre all&#8217; 1.50, domenica 13 dicembre alle 12.45 e luned\u00ec 14 dicembre all&#8217;1.00 su Tv2000, che questa volta vi porter\u00e0 [&hellip;]","protected":false},"author":9,"featured_media":523,"comment_status":"open","ping_status":"open","sticky":false,"template":"","format":"standard","meta":{"_acf_changed":false,"footnotes":""},"categories":[6],"tags":[94,92,93],"class_list":["post-521","post","type-post","status-publish","format-standard","has-post-thumbnail","hentry","category-prossimamente","tag-emiliano-pellisari","tag-francesco-pititto","tag-maria-federica-maestri"],"acf":[],"aioseo_notices":[],"featured_image_url":"https:\/\/www.tv2000.it\/retroscena\/wp-content\/uploads\/sites\/14\/2015\/12\/relearpuntata.jpg","_links":{"self":[{"href":"https:\/\/www.tv2000.it\/retroscena\/wp-json\/wp\/v2\/posts\/521","targetHints":{"allow":["GET"]}}],"collection":[{"href":"https:\/\/www.tv2000.it\/retroscena\/wp-json\/wp\/v2\/posts"}],"about":[{"href":"https:\/\/www.tv2000.it\/retroscena\/wp-json\/wp\/v2\/types\/post"}],"author":[{"embeddable":true,"href":"https:\/\/www.tv2000.it\/retroscena\/wp-json\/wp\/v2\/users\/9"}],"replies":[{"embeddable":true,"href":"https:\/\/www.tv2000.it\/retroscena\/wp-json\/wp\/v2\/comments?post=521"}],"version-history":[{"count":1,"href":"https:\/\/www.tv2000.it\/retroscena\/wp-json\/wp\/v2\/posts\/521\/revisions"}],"predecessor-version":[{"id":524,"href":"https:\/\/www.tv2000.it\/retroscena\/wp-json\/wp\/v2\/posts\/521\/revisions\/524"}],"wp:featuredmedia":[{"embeddable":true,"href":"https:\/\/www.tv2000.it\/retroscena\/wp-json\/wp\/v2\/media\/523"}],"wp:attachment":[{"href":"https:\/\/www.tv2000.it\/retroscena\/wp-json\/wp\/v2\/media?parent=521"}],"wp:term":[{"taxonomy":"category","embeddable":true,"href":"https:\/\/www.tv2000.it\/retroscena\/wp-json\/wp\/v2\/categories?post=521"},{"taxonomy":"post_tag","embeddable":true,"href":"https:\/\/www.tv2000.it\/retroscena\/wp-json\/wp\/v2\/tags?post=521"}],"curies":[{"name":"wp","href":"https:\/\/api.w.org\/{rel}","templated":true}]}}