{"id":531,"date":"2015-12-11T15:03:41","date_gmt":"2015-12-11T14:03:41","guid":{"rendered":"http:\/\/www.tv2000.it\/retroscena\/?p=531"},"modified":"2015-12-11T15:03:41","modified_gmt":"2015-12-11T14:03:41","slug":"a-retroscena-puntata-dedicata-alla-danza-e-alla-saggezza-del-corpo-il-15-20-e-21-dicembre","status":"publish","type":"post","link":"https:\/\/www.tv2000.it\/retroscena\/2015\/12\/11\/a-retroscena-puntata-dedicata-alla-danza-e-alla-saggezza-del-corpo-il-15-20-e-21-dicembre\/","title":{"rendered":"A Retroscena: puntata dedicata alla danza e alla saggezza del corpo. Il 15, 20 e 21 dicembre"},"content":{"rendered":"<p><a href=\"http:\/\/www.tv2000.it\/retroscena\/wp-content\/uploads\/sites\/14\/2015\/12\/alitonews.jpg\"><img decoding=\"async\" class=\"aligncenter size-full wp-image-532\" src=\"http:\/\/www.tv2000.it\/retroscena\/wp-content\/uploads\/sites\/14\/2015\/12\/alitonews.jpg\" alt=\"alito alessi\" width=\"640\" height=\"388\" srcset=\"https:\/\/www.tv2000.it\/retroscena\/wp-content\/uploads\/sites\/14\/2015\/12\/alitonews.jpg 640w, https:\/\/www.tv2000.it\/retroscena\/wp-content\/uploads\/sites\/14\/2015\/12\/alitonews-300x182.jpg 300w, https:\/\/www.tv2000.it\/retroscena\/wp-content\/uploads\/sites\/14\/2015\/12\/alitonews-45x27.jpg 45w, https:\/\/www.tv2000.it\/retroscena\/wp-content\/uploads\/sites\/14\/2015\/12\/alitonews-280x170.jpg 280w\" sizes=\"(max-width: 640px) 100vw, 640px\" \/><\/a><\/p>\n<p>A servire da prologo alla undicesima puntata di <strong>Retroscena<\/strong> le parole del poeta libanese Khalil Gibran: \u201c<em>l\u2019anima del filosofo sta nella sua testa, l\u2019anima del poeta nel suo cuore, ma l\u2019anima del ballerino sta in tutto il suo corpo<\/em>\u201d.<\/p>\n<p>Alla danza e alla saggezza del corpo Retroscena dedicher\u00e0 questa puntata partendo da Brescia che per alcuni giorni si \u00e8 trasformata in capitale dell\u2019arte coreutica. Il capoluogo lombardo ha infatti ospitato la terza edizione del <strong>NID la nuova piattaforma della danza italiana<\/strong>, un avvenimento che riunisce le migliori compagnie del settore con l\u2019intento di promuovere e diffondere la produzione coreografica nostrana di qualit\u00e0. Michele Sciancalepore ha seguito la rassegna e la racconta attraverso un reportage \u201ccaleidoscopico\u201d e ricco di svelamenti.<\/p>\n<p>Il viaggio alla scoperta delle reali possibilit\u00e0 espressive del nostro corpo continuer\u00e0 poi con un\u2019intervista esclusiva ad <em>Alito Alessi<\/em>, danzatore e coreografo statunitense, inventore della <strong>Dance Ability<\/strong>, una moderna tecnica di danza che permette a persone abili e disabili di incontrarsi per danzare insieme. Fondata agli inizi degli anni 90\u2019 la Dance Ability attraverso un percorso di ricerca, che sfrutta le abilit\u00e0 fisiche ed espressive individuali, si pone come obiettivo l\u2019opportunit\u00e0 di dare espressione artistica a tutte le persone, aiutando abili e disabili a sradicare pregiudizi reciproci. <em>Alessi <\/em>alle telecamere di Retroscena svela le sue accurate conoscenze sul linguaggio sapiente e non verbale del corpo e confessa come attraverso l\u2019arte abbia curato le sue profonde ferite personali e siano rinati in lui i valori delle relazioni familiari.<\/p>\n<p><strong>Retroscena \u2013 i segreti del teatro, viaggi nelle {cre}azioni. Un programma di Michele Sciancalepore, in onda luned\u00ec e marted\u00ec in seconda serata dopo il Rosario e la domenica alle 12.45 su TV2000. (marted\u00ec 15 dicembre h 00:15 \/ luned\u00ec 21 dicembre h 00:55 ) Canale 140 SKY, canale 28 digitale terrestre, canale 18 di tiv\u00f9sat.<\/strong><\/p>\n","protected":false},"excerpt":{"rendered":"A servire da prologo alla undicesima puntata di Retroscena le parole del poeta libanese Khalil Gibran: \u201cl\u2019anima del filosofo sta nella sua testa, l\u2019anima del poeta nel suo cuore, ma l\u2019anima del ballerino sta in tutto il suo corpo\u201d. Alla danza e alla saggezza del corpo Retroscena dedicher\u00e0 questa puntata partendo da Brescia che per [&hellip;]","protected":false},"author":9,"featured_media":533,"comment_status":"open","ping_status":"open","sticky":false,"template":"","format":"standard","meta":{"_acf_changed":false,"footnotes":""},"categories":[6],"tags":[95],"class_list":["post-531","post","type-post","status-publish","format-standard","has-post-thumbnail","hentry","category-prossimamente","tag-alito-alessi"],"acf":[],"aioseo_notices":[],"featured_image_url":"https:\/\/www.tv2000.it\/retroscena\/wp-content\/uploads\/sites\/14\/2015\/12\/alitoant.jpg","_links":{"self":[{"href":"https:\/\/www.tv2000.it\/retroscena\/wp-json\/wp\/v2\/posts\/531","targetHints":{"allow":["GET"]}}],"collection":[{"href":"https:\/\/www.tv2000.it\/retroscena\/wp-json\/wp\/v2\/posts"}],"about":[{"href":"https:\/\/www.tv2000.it\/retroscena\/wp-json\/wp\/v2\/types\/post"}],"author":[{"embeddable":true,"href":"https:\/\/www.tv2000.it\/retroscena\/wp-json\/wp\/v2\/users\/9"}],"replies":[{"embeddable":true,"href":"https:\/\/www.tv2000.it\/retroscena\/wp-json\/wp\/v2\/comments?post=531"}],"version-history":[{"count":1,"href":"https:\/\/www.tv2000.it\/retroscena\/wp-json\/wp\/v2\/posts\/531\/revisions"}],"predecessor-version":[{"id":534,"href":"https:\/\/www.tv2000.it\/retroscena\/wp-json\/wp\/v2\/posts\/531\/revisions\/534"}],"wp:featuredmedia":[{"embeddable":true,"href":"https:\/\/www.tv2000.it\/retroscena\/wp-json\/wp\/v2\/media\/533"}],"wp:attachment":[{"href":"https:\/\/www.tv2000.it\/retroscena\/wp-json\/wp\/v2\/media?parent=531"}],"wp:term":[{"taxonomy":"category","embeddable":true,"href":"https:\/\/www.tv2000.it\/retroscena\/wp-json\/wp\/v2\/categories?post=531"},{"taxonomy":"post_tag","embeddable":true,"href":"https:\/\/www.tv2000.it\/retroscena\/wp-json\/wp\/v2\/tags?post=531"}],"curies":[{"name":"wp","href":"https:\/\/api.w.org\/{rel}","templated":true}]}}