{"id":558,"date":"2015-12-15T13:00:09","date_gmt":"2015-12-15T12:00:09","guid":{"rendered":"http:\/\/www.tv2000.it\/retroscena\/?p=558"},"modified":"2015-12-22T10:45:44","modified_gmt":"2015-12-22T09:45:44","slug":"danceability-la-danza-del-corpo-e-dellanima","status":"publish","type":"post","link":"https:\/\/www.tv2000.it\/retroscena\/2015\/12\/15\/danceability-la-danza-del-corpo-e-dellanima\/","title":{"rendered":"DanceAbility: la danza del corpo e dell&#8217;anima"},"content":{"rendered":"<figure id=\"attachment_559\" aria-describedby=\"caption-attachment-559\" style=\"width: 300px\" class=\"wp-caption alignleft\"><a href=\"http:\/\/www.tv2000.it\/retroscena\/wp-content\/uploads\/sites\/14\/2015\/12\/92a012a4d736b8a967883ab987475632.jpg\"><img decoding=\"async\" class=\"size-medium wp-image-559\" src=\"http:\/\/www.tv2000.it\/retroscena\/wp-content\/uploads\/sites\/14\/2015\/12\/92a012a4d736b8a967883ab987475632-300x200.jpg\" alt=\"Workshop Alito Alessi \u00a9 Karolina Miernik\" width=\"300\" height=\"200\" srcset=\"https:\/\/www.tv2000.it\/retroscena\/wp-content\/uploads\/sites\/14\/2015\/12\/92a012a4d736b8a967883ab987475632-300x200.jpg 300w, https:\/\/www.tv2000.it\/retroscena\/wp-content\/uploads\/sites\/14\/2015\/12\/92a012a4d736b8a967883ab987475632-41x27.jpg 41w, https:\/\/www.tv2000.it\/retroscena\/wp-content\/uploads\/sites\/14\/2015\/12\/92a012a4d736b8a967883ab987475632-280x187.jpg 280w, https:\/\/www.tv2000.it\/retroscena\/wp-content\/uploads\/sites\/14\/2015\/12\/92a012a4d736b8a967883ab987475632.jpg 620w\" sizes=\"(max-width: 300px) 100vw, 300px\" \/><\/a><figcaption id=\"caption-attachment-559\" class=\"wp-caption-text\">Workshop Alito Alessi \u00a9 Karolina Miernik<\/figcaption><\/figure>\n<p>\u201cAd Amsterdam un insegnante totalmente paralizzato \u00e8 disteso su un letto poggiato su quattro ruote, pu\u00f2 muovere solo una mano che stringe un <em>joystick<\/em> col quale controlla e muove le ruote e gli specchi posizionati sopra il suo letto che gli permettono di vedere tutt\u2019intorno e\u2026 si muove. Conquista cos\u00ec lo spazio circostante. \u00c8 la sua danza!\u201d.\u00a0 Questo \u00e8 il ricordo che affiora nella mente del coreografo statunitense Alito Alessi quando pensa alla gioia pi\u00f9 grande vissuta dal 1996, da quando migliaia di persone di tutto il mondo frequentano i suoi corsi di <em>danceability<\/em>. Un neologismo da lui inventato per esprimere un\u2019originale, sorprendente tecnica che fonde la danza con l\u2019arte, l\u2019espressivit\u00e0, la relazione. Un metodo rivolto a tutti, a chiunque di ogni et\u00e0 desideri attraverso il linguaggio del corpo reimparare a comunicare senza barriere fisiche e psicologiche, senza retaggi e pregiudizi per vivere con pienezza di spirito il presente. Il presupposto \u00e8 che siamo tutti in qualche modo \u201chandicappati\u201d, ognuno pu\u00f2 avere un blocco o impedimento che condizioni la capacit\u00e0 espressiva o relazionale.<\/p>\n<p>I cosiddetti \u201cnormodotati\u201d o \u201cdisabili\u201d quindi sullo stesso piano, tutti insieme non per fare terapia, ma per vivere una creazione artistica senza nessuna ricetta precostituita n\u00e9 dogma ma con alcuni princ\u00ecpi basilari quali la capacit\u00e0 di inclusione e interpretazione, ovvero nessuno \u00e8 escluso e ognuno pu\u00f2 interpretare nella sua individuale e inimitabile modalit\u00e0 un determinato movimento del corpo; ad esempio per chi \u00e8 immobilizzato su una sedia a rotelle un salto diventa una mossa della mano. Ascolto e osservazione sono gli \u201camici\u201d della <em>danceability<\/em>; creare relazione, fare comunit\u00e0 e riattivare la \u201csaggezza del corpo\u201d i suoi obiettivi; fretta, errate e radicate abitudini e soprattutto presunzione e ignoranza i \u201cnemici\u201d: \u201cdi solito \u2013 ci svela il fondatore della <em>danceability<\/em> \u2013 noi pensiamo che la persona in coma sia isolata da noi. No, \u00e8 esattamente l\u2019opposto. Siamo noi a essere isolati da lui!\u201d.<\/p>\n<p>\u00c8 aperto a tutti il corso di Alito Alessi, qualunque sia il disagio, sia pur connotato dall\u2019aggressivit\u00e0; chiuso solo a chi esercita la violenza con deliberata consapevolezza. Spesso protagonisti della <em>danceability<\/em> sono persone in coma, che non reagiscono minimamente agli stimoli esterni. E non avviene alcun prodigio durante la loro esperienza con il danzatore americano, uno dei quattro coreografi al mondo premiato con il prestigioso e storico <em>Guggenheim Fellowship <\/em>(riconoscimento concesso dal 1925 a chi si distingue per eccezionali capacit\u00e0 creative). \u201cMa vedere i volti dei genitori illuminarsi e riempirsi di gioia perch\u00e9 finalmente i loro ragazzi in coma sono inseriti in un contesto sociale e artistico\u2026 \u00e8 impagabile!\u201d. E radioso \u00e8 anche il viso di Alessi mentre condivide questa soddisfazione, cos\u00ec come pacato e concentrato diventa durante il laboratorio che in questi giorni ha guidato al Teatro Due di Roma; un <em>workshop<\/em> che si chiude proprio oggi nella capitale con una \u201cparata\u201d inserita nel festival <em>Fuori Posto<\/em> con partenza alle ore 18 da piazza San Silvestro e arrivo alla Galleria Alberto Sordi. E nell\u2019osservare il suo lavoro si resta stupefatti di fronte alle possibilit\u00e0 \u201cespressive\u201d e dinamiche che Alessi \u00e8 in grado di tirar fuori da una sedia a rotelle.<\/p>\n<p>Si percepisce nella sua persona un senso di libert\u00e0 che, come lui stesso ci confessa con profonda emozione, \u00e8 il frutto di una dolorosa e faticosa conquista: \u201cSono cresciuto in un contesto familiare e sociale di enorme violenza fisica, psicologica e sessuale. Ho avuto ferite che non auguro davvero a nessuno. Ho lottato per liberarmi da quelle lacerazioni e ora che ho moglie e figli finalmente mi sono riappropriato del valore della famiglia!\u201d. Una sofferenza dunque vissuta, elaborata e trasformata in opportunit\u00e0, la stessa che il danzatore dell\u2019Oregon offre a chiunque desideri superare chiusure e isolamenti con uno spirito di accoglienza ma, come direbbe don Tonino Bello, \u201csenza volont\u00e0 di cattura\u201d!<\/p>\n<p style=\"text-align: right;\"><em>di Michele Sciancalepore, fonte Avvenire<\/em><\/p>\n","protected":false},"excerpt":{"rendered":"\u201cAd Amsterdam un insegnante totalmente paralizzato \u00e8 disteso su un letto poggiato su quattro ruote, pu\u00f2 muovere solo una mano che stringe un joystick col quale controlla e muove le ruote e gli specchi posizionati sopra il suo letto che gli permettono di vedere tutt\u2019intorno e\u2026 si muove. Conquista cos\u00ec lo spazio circostante. \u00c8 la [&hellip;]","protected":false},"author":32,"featured_media":559,"comment_status":"open","ping_status":"open","sticky":false,"template":"","format":"standard","meta":{"_acf_changed":false,"footnotes":""},"categories":[90],"tags":[],"class_list":["post-558","post","type-post","status-publish","format-standard","has-post-thumbnail","hentry","category-le-nostre-recensioni"],"acf":[],"aioseo_notices":[],"featured_image_url":"https:\/\/www.tv2000.it\/retroscena\/wp-content\/uploads\/sites\/14\/2015\/12\/92a012a4d736b8a967883ab987475632.jpg","_links":{"self":[{"href":"https:\/\/www.tv2000.it\/retroscena\/wp-json\/wp\/v2\/posts\/558","targetHints":{"allow":["GET"]}}],"collection":[{"href":"https:\/\/www.tv2000.it\/retroscena\/wp-json\/wp\/v2\/posts"}],"about":[{"href":"https:\/\/www.tv2000.it\/retroscena\/wp-json\/wp\/v2\/types\/post"}],"author":[{"embeddable":true,"href":"https:\/\/www.tv2000.it\/retroscena\/wp-json\/wp\/v2\/users\/32"}],"replies":[{"embeddable":true,"href":"https:\/\/www.tv2000.it\/retroscena\/wp-json\/wp\/v2\/comments?post=558"}],"version-history":[{"count":5,"href":"https:\/\/www.tv2000.it\/retroscena\/wp-json\/wp\/v2\/posts\/558\/revisions"}],"predecessor-version":[{"id":569,"href":"https:\/\/www.tv2000.it\/retroscena\/wp-json\/wp\/v2\/posts\/558\/revisions\/569"}],"wp:featuredmedia":[{"embeddable":true,"href":"https:\/\/www.tv2000.it\/retroscena\/wp-json\/wp\/v2\/media\/559"}],"wp:attachment":[{"href":"https:\/\/www.tv2000.it\/retroscena\/wp-json\/wp\/v2\/media?parent=558"}],"wp:term":[{"taxonomy":"category","embeddable":true,"href":"https:\/\/www.tv2000.it\/retroscena\/wp-json\/wp\/v2\/categories?post=558"},{"taxonomy":"post_tag","embeddable":true,"href":"https:\/\/www.tv2000.it\/retroscena\/wp-json\/wp\/v2\/tags?post=558"}],"curies":[{"name":"wp","href":"https:\/\/api.w.org\/{rel}","templated":true}]}}