{"id":612,"date":"2015-12-31T17:34:07","date_gmt":"2015-12-31T16:34:07","guid":{"rendered":"http:\/\/www.tv2000.it\/retroscena\/?p=612"},"modified":"2015-12-31T17:34:07","modified_gmt":"2015-12-31T16:34:07","slug":"a-retroscena-il-festival-miti-contemporanei-e-cinzia-scaglione-il-5-10-e-11-gennaio","status":"publish","type":"post","link":"https:\/\/www.tv2000.it\/retroscena\/2015\/12\/31\/a-retroscena-il-festival-miti-contemporanei-e-cinzia-scaglione-il-5-10-e-11-gennaio\/","title":{"rendered":"A Retroscena il Festival \u201cMiti Contemporanei\u201d e Cinzia Scaglione. Il 5, 10 e 11 gennaio"},"content":{"rendered":"<p>I miti all\u2019origine della civilt\u00e0 moderna costituiscono oggi un\u2019eredit\u00e0 per noi? Esiste ancora un vincolo che collega la nostra cultura con i nostri avi, o quel vincolo \u00e8 ormai del tutto spezzato? E ancora, qual \u00e8 il confine tra passione e ossessione? Quand&#8217;\u00e8 che l&#8217;amore si trasforma nel suo contrario? Queste sono solo alcune domande al centro della 14ma puntata di Retroscena, che vede protagonisti la prima edizione del Festival \u201c<strong>Miti Contemporanei<\/strong>\u201d di Reggio Calabria e il reading \u201c<strong>Viola Non \u00e8 il mio Nome<\/strong>\u201d.<\/p>\n<p>Il nostro cammino di scoperta parte dalla provincia di Reggio Calabria e dal suo festival itinerante \u201c<strong>Miti Contemporanei<\/strong>\u201d: un percorso sulle tracce del Mito attraverso rielaborazioni drammaturgiche contemporanee con un focus sulla natura dell&#8217;uomo nella sua complessit\u00e0. Un tragitto che tocca sei centri emblematici, per cultura e tradizione, della Provincia di Reggio Calabria, valorizzandone i siti attraverso anche la vetrina del teatro e della danza con spettacoli come \u201c<strong><em>Odissea. Nessuno ritorna<\/em><\/strong>\u201d di <em>Matteo Tarasco<\/em>, \u201c<strong>Icaro. L\u2019ultimo volo<\/strong>\u201d di <em>Salvatore Arena<\/em> e \u201c<strong><em>Blacklights<\/em><\/strong>\u201d, prodotto dalla compagnia di danza <em>Abbondanza Bertoni<\/em>.<\/p>\n<p>La disuguaglianza dei rapporti tra uomini e donne, matrice di tutte le violenze, sar\u00e0 invece l\u2019oggetto della seconda parte di puntata e il tema di \u201c<strong>Viola non \u00e8 il mio nome<\/strong>\u201d, reading tratto dall\u2019omonimo libro di <strong>Alberto Bottacchiari<\/strong> con <strong>Cinzia Scaglione<\/strong> che Retroscena ha intervistato per voi il 25 Novembre, in occasione della giornata internazionale contro la violenza sulle donne.<\/p>\n<p>Nonostante il passare degli anni, i ricambi generazionali, il varo di nuove leggi, ancora oggi milioni di donne subiscono violenze di ogni tipo. Secondo i dati Istat di Giugno 2015 infatti solo in Italia sono 6 milioni e 788 mila le donne che hanno subito nel corso della propria vita una violenza fisica o sessuale. Il 12% di queste non ha avuto nemmeno la forza di denunciare la violenza. Numeri che devono far riflettere su una visione sessista dei rapporti uomo-donna ancora fortemente radicata nella nostra societ\u00e0.<\/p>\n<p><strong>\u00a0Retroscena \u2013 i segreti del teatro, viaggi nelle {cre}azioni. Un programma di Michele Sciancalepore, in onda luned\u00ec e marted\u00ec in seconda serata dopo il Rosario e la domenica alle 12.45 su TV2000. (marted\u00ec 05 gennaio h 00.00 \/ luned\u00ec 11 gennaio h 01.00) Canale 140 SKY, canale 28 digitale terrestre, canale 18 di tiv\u00f9sat.<\/strong><\/p>\n","protected":false},"excerpt":{"rendered":"I miti all\u2019origine della civilt\u00e0 moderna costituiscono oggi un\u2019eredit\u00e0 per noi? Esiste ancora un vincolo che collega la nostra cultura con i nostri avi, o quel vincolo \u00e8 ormai del tutto spezzato? E ancora, qual \u00e8 il confine tra passione e ossessione? Quand&#8217;\u00e8 che l&#8217;amore si trasforma nel suo contrario? Queste sono solo alcune domande [&hellip;]","protected":false},"author":9,"featured_media":613,"comment_status":"open","ping_status":"open","sticky":false,"template":"","format":"standard","meta":{"_acf_changed":false,"footnotes":""},"categories":[6],"tags":[113,114,115],"class_list":["post-612","post","type-post","status-publish","format-standard","has-post-thumbnail","hentry","category-prossimamente","tag-cinzia-scaglione","tag-matteo-tarasco","tag-salvatore-arena"],"acf":[],"aioseo_notices":[],"featured_image_url":"https:\/\/www.tv2000.it\/retroscena\/wp-content\/uploads\/sites\/14\/2015\/12\/scaglione.jpg","_links":{"self":[{"href":"https:\/\/www.tv2000.it\/retroscena\/wp-json\/wp\/v2\/posts\/612","targetHints":{"allow":["GET"]}}],"collection":[{"href":"https:\/\/www.tv2000.it\/retroscena\/wp-json\/wp\/v2\/posts"}],"about":[{"href":"https:\/\/www.tv2000.it\/retroscena\/wp-json\/wp\/v2\/types\/post"}],"author":[{"embeddable":true,"href":"https:\/\/www.tv2000.it\/retroscena\/wp-json\/wp\/v2\/users\/9"}],"replies":[{"embeddable":true,"href":"https:\/\/www.tv2000.it\/retroscena\/wp-json\/wp\/v2\/comments?post=612"}],"version-history":[{"count":1,"href":"https:\/\/www.tv2000.it\/retroscena\/wp-json\/wp\/v2\/posts\/612\/revisions"}],"predecessor-version":[{"id":614,"href":"https:\/\/www.tv2000.it\/retroscena\/wp-json\/wp\/v2\/posts\/612\/revisions\/614"}],"wp:featuredmedia":[{"embeddable":true,"href":"https:\/\/www.tv2000.it\/retroscena\/wp-json\/wp\/v2\/media\/613"}],"wp:attachment":[{"href":"https:\/\/www.tv2000.it\/retroscena\/wp-json\/wp\/v2\/media?parent=612"}],"wp:term":[{"taxonomy":"category","embeddable":true,"href":"https:\/\/www.tv2000.it\/retroscena\/wp-json\/wp\/v2\/categories?post=612"},{"taxonomy":"post_tag","embeddable":true,"href":"https:\/\/www.tv2000.it\/retroscena\/wp-json\/wp\/v2\/tags?post=612"}],"curies":[{"name":"wp","href":"https:\/\/api.w.org\/{rel}","templated":true}]}}