{"id":621,"date":"2016-01-08T18:04:03","date_gmt":"2016-01-08T17:04:03","guid":{"rendered":"http:\/\/www.tv2000.it\/retroscena\/?p=621"},"modified":"2016-01-08T18:04:03","modified_gmt":"2016-01-08T17:04:03","slug":"lina-sastri-e-crescenza-guarnieri-a-retroscena-il-12-17-e-18-gennaio","status":"publish","type":"post","link":"https:\/\/www.tv2000.it\/retroscena\/2016\/01\/08\/lina-sastri-e-crescenza-guarnieri-a-retroscena-il-12-17-e-18-gennaio\/","title":{"rendered":"Lina Sastri e Crescenza Guarnieri a Retroscena. Il 12, 17 e 18 gennaio"},"content":{"rendered":"<p><a href=\"http:\/\/www.tv2000.it\/retroscena\/wp-content\/uploads\/sites\/14\/2016\/01\/sastrinews.jpg\"><img decoding=\"async\" class=\"aligncenter size-full wp-image-622\" src=\"http:\/\/www.tv2000.it\/retroscena\/wp-content\/uploads\/sites\/14\/2016\/01\/sastrinews.jpg\" alt=\"Lina Sastri\" width=\"640\" height=\"461\" srcset=\"https:\/\/www.tv2000.it\/retroscena\/wp-content\/uploads\/sites\/14\/2016\/01\/sastrinews.jpg 640w, https:\/\/www.tv2000.it\/retroscena\/wp-content\/uploads\/sites\/14\/2016\/01\/sastrinews-300x216.jpg 300w, https:\/\/www.tv2000.it\/retroscena\/wp-content\/uploads\/sites\/14\/2016\/01\/sastrinews-37x27.jpg 37w, https:\/\/www.tv2000.it\/retroscena\/wp-content\/uploads\/sites\/14\/2016\/01\/sastrinews-280x202.jpg 280w\" sizes=\"(max-width: 640px) 100vw, 640px\" \/><\/a><\/p>\n<p>La 15ma puntata di Retroscena vi porter\u00e0 alla scoperta dell\u2019universo artistico di due grandi interpreti, due fra le attrici pi\u00f9 intense ed espressive del nostro panorama teatrale, due donne di due generazioni diverse ma entrambe accomunate da una capacit\u00e0 straordinaria di comunicare passione e verit\u00e0 sul palcoscenico e nella vita: <strong>Lina Sastri<\/strong> e <strong>Crescenza Guarnieri<\/strong>. Hanno calcato le scene di recente rispettivamente con \u201c<strong><em>La Lupa<\/em><\/strong> \u201c di Giovanni Verga e \u201c<strong><em>Niente, pi\u00f9 niente al mondo<\/em><\/strong>\u201d di Massimo Carlotto.<\/p>\n<p>Due prove d\u2019attrice di rara intensit\u00e0 che vedono dispensata, con sapiente dosaggio di toni movimenti e sguardi, la quintessenza stessa dell\u2019arte attoriale. Una presenza scenica, che come confessa la stessa Lina Sastri a Michele Sciancalepore, non si accontenta pi\u00f9 dello spazio concessogli dal teatro ma vuole sconfinare dal palcoscenico per toccare la vita e le sue verit\u00e0.<\/p>\n<p>Un fascino quello di <strong>Lina Sastri<\/strong> che trova il suo naturale completamento artistico nella figura della \u2018Lupa\u2019, uno dei personaggi femminili pi\u00f9 alti e pi\u00f9 feroci della produzione verghiana. Ma la \u201cLupa\u201d di Lina \u00e8 carnefice e vittima al contempo, una donna forte, determinata, volitiva, caparbia ma anche tragicamente fragile come lo stesso personaggio confessa: \u00abSe ho fatto del male, non l\u2019ho fatto a voi, n\u00e9 a nessuno, l\u2019ho fatto solo a me stessa e al mio cuore, che non conosce che tormento\u00bb.<\/p>\n<p>Ed \u00e8 sempre una figura femminile lacerata e distrutta quella al centro dell\u2019altro spettacolo che vi proporremo in questa puntata; un personaggio magistralmente interpretato da <strong>Crescenza Guarnieri<\/strong> che in \u201c<em>Niente, pi\u00f9 niente al mondo<\/em>\u201d mette in scena un dramma comune ormai a una grandissima fetta di popolazione, fatto di sogni infranti e attese deluse.<\/p>\n<p>Una madre, frustrata nelle sue aspettative di carriera e riconoscimento dirotta sulla figlia ogni speranza di un futuro radioso per la propria famiglia. Ma la figlia non coltiva le stesse ambizioni e per questo verr\u00e0 sacrificata sull\u2019altare del malessere materno.<\/p>\n<p>Cos\u00ec \u201cniente, pi\u00f9 niente al mondo\u201d potr\u00e0 modificare i destini di una madre e una figlia entrambe vittime di una societ\u00e0 che prima le ha cullate e poi abbandonate all\u2019illusione di un benessere che mai raggiungeranno.<\/p>\n<p><strong>Retroscena \u2013 i segreti del teatro, viaggi nelle {cre}azioni. Un programma di Michele Sciancalepore, in onda marted\u00ec 12 gennaio alle 00.20, domenica 17 alle 12.45 e luned\u00ec 18 gennaio alle 00.50 su Tv2000 (Canale 140 SKY, canale 28 digitale terrestre, canale 18 di tiv\u00f9sat).<\/strong><\/p>\n","protected":false},"excerpt":{"rendered":"La 15ma puntata di Retroscena vi porter\u00e0 alla scoperta dell\u2019universo artistico di due grandi interpreti, due fra le attrici pi\u00f9 intense ed espressive del nostro panorama teatrale, due donne di due generazioni diverse ma entrambe accomunate da una capacit\u00e0 straordinaria di comunicare passione e verit\u00e0 sul palcoscenico e nella vita: Lina Sastri e Crescenza Guarnieri. [&hellip;]","protected":false},"author":9,"featured_media":623,"comment_status":"open","ping_status":"open","sticky":false,"template":"","format":"standard","meta":{"_acf_changed":false,"footnotes":""},"categories":[6],"tags":[117,116],"class_list":["post-621","post","type-post","status-publish","format-standard","has-post-thumbnail","hentry","category-prossimamente","tag-crescenza-guarnieri","tag-lina-sastri"],"acf":[],"aioseo_notices":[],"featured_image_url":"https:\/\/www.tv2000.it\/retroscena\/wp-content\/uploads\/sites\/14\/2016\/01\/sastrisito.jpg","_links":{"self":[{"href":"https:\/\/www.tv2000.it\/retroscena\/wp-json\/wp\/v2\/posts\/621","targetHints":{"allow":["GET"]}}],"collection":[{"href":"https:\/\/www.tv2000.it\/retroscena\/wp-json\/wp\/v2\/posts"}],"about":[{"href":"https:\/\/www.tv2000.it\/retroscena\/wp-json\/wp\/v2\/types\/post"}],"author":[{"embeddable":true,"href":"https:\/\/www.tv2000.it\/retroscena\/wp-json\/wp\/v2\/users\/9"}],"replies":[{"embeddable":true,"href":"https:\/\/www.tv2000.it\/retroscena\/wp-json\/wp\/v2\/comments?post=621"}],"version-history":[{"count":1,"href":"https:\/\/www.tv2000.it\/retroscena\/wp-json\/wp\/v2\/posts\/621\/revisions"}],"predecessor-version":[{"id":624,"href":"https:\/\/www.tv2000.it\/retroscena\/wp-json\/wp\/v2\/posts\/621\/revisions\/624"}],"wp:featuredmedia":[{"embeddable":true,"href":"https:\/\/www.tv2000.it\/retroscena\/wp-json\/wp\/v2\/media\/623"}],"wp:attachment":[{"href":"https:\/\/www.tv2000.it\/retroscena\/wp-json\/wp\/v2\/media?parent=621"}],"wp:term":[{"taxonomy":"category","embeddable":true,"href":"https:\/\/www.tv2000.it\/retroscena\/wp-json\/wp\/v2\/categories?post=621"},{"taxonomy":"post_tag","embeddable":true,"href":"https:\/\/www.tv2000.it\/retroscena\/wp-json\/wp\/v2\/tags?post=621"}],"curies":[{"name":"wp","href":"https:\/\/api.w.org\/{rel}","templated":true}]}}