{"id":625,"date":"2016-01-13T15:04:43","date_gmt":"2016-01-13T14:04:43","guid":{"rendered":"http:\/\/www.tv2000.it\/retroscena\/?p=625"},"modified":"2016-01-13T15:04:43","modified_gmt":"2016-01-13T14:04:43","slug":"i-piccoli-di-podrecca-albania-casa-mia-e-chiamo-quando-arrivo-a-retroscena-il-19-24-e-25-gennaio","status":"publish","type":"post","link":"https:\/\/www.tv2000.it\/retroscena\/2016\/01\/13\/i-piccoli-di-podrecca-albania-casa-mia-e-chiamo-quando-arrivo-a-retroscena-il-19-24-e-25-gennaio\/","title":{"rendered":"I \u201cPiccoli\u201c di Podrecca, \u201cAlbania Casa Mia\u201d e \u201cChiamo quando arrivo\u201d a Retroscena, il 19, 24 e 25 gennaio"},"content":{"rendered":"<p>\u201cMagici\u201d per Walt Disney, \u201cgeniali\u201d per Charlie Chaplin e \u201cdivini\u201d per Greta Garbo sono i protagonisti della 16ma puntata di Retroscena: <strong>I<\/strong> \u201c<strong>Piccoli\u201c di Podrecca. <\/strong>Pezzi di legno, marionette, burattini? Non solo, sono dei veri e propri miti che in oltre 50 anni di attivit\u00e0, dal 1914 fino alla fine degli anni \u201960, si sono esibiti nei pi\u00f9 grandi teatri di tutto il mondo, riscuotendo un successo planetario e divenendo dei \u201cdivi di legno\u201d. Svelamenti, segreti, aneddoti dei \u201cPiccoli\u201d in esclusiva a Retroscena, che ha seguito le prove dello spettacolo \u201c<strong>Dai 3 ai 93. Una meravigliosa invenzione<\/strong>\u201d, di <strong>Barbara Della Polla<\/strong> ed<strong> Ennio Guerrato<\/strong>, dove sono riportati in vita i numeri pi\u00f9 celebri del repertorio classico della <strong>Compagnia dei Piccoli<\/strong> fondata da <strong>Vittorio Podrecca<\/strong>.<\/p>\n<div class=\"fluid-embed-container\"><iframe title=\"Retroscena del 19 gennaio 2016 - Le marionette che incantarono Disney\" width=\"640\" height=\"360\" src=\"https:\/\/www.youtube.com\/embed\/p3Yk847eJ7U?feature=oembed\" frameborder=\"0\" allow=\"accelerometer; autoplay; clipboard-write; encrypted-media; gyroscope; picture-in-picture; web-share\" referrerpolicy=\"strict-origin-when-cross-origin\" allowfullscreen><\/iframe><\/div>\n<p>Il viaggio nei segreti del teatro prosegue con la storia di un ragazzo che non \u00e8 partito per scelta ma per necessit\u00e0 dopo il collasso in Albania del regime comunista, che per pi\u00f9 di 45 anni aveva controllato e limitato la libert\u00e0 dei cittadini.<\/p>\n<p>Il monologo \u201c<strong>Albania Casa Mia<\/strong>\u201d, interpretato da <strong>Aleksandros Memetaj<\/strong> per la regia di <strong>Giampiero Rappa<\/strong>, \u00e8 la storia di un figlio che crescer\u00e0 lontano dalla terra natia, in Veneto, luogo che non gli dar\u00e0 mai un pieno senso di appartenenza. La storia di un ragazzo che si sente in mezzo, in mezzo al suo essere per met\u00e0 italiano e per met\u00e0 albanese, in mezzo tra due nazioni divise ma unite dallo stesso mare, in mezzo a\u00a0una condizione di esiliato e di accolto.<\/p>\n<p>Ancora un viaggio ma stavolta in una dimensione onirica con la storia della ricerca di s\u00e9, che culmina con la scoperta della bellezza della propria unicit\u00e0.<\/p>\n<p>Lo spettacolo <strong>\u201cChiamo quando arrivo\u201d,<\/strong> di <strong>Elena D&#8217;Angelo <\/strong>per la regia di<strong> Roberto Baldassari <\/strong>e la direzione artistica di<strong> Maria Gabriella Marino<\/strong>, racconta la storia di una donna che non sta vivendo un momento bellissimo della propria vita, ma \u00e8 determinata a trovare se stessa e la sua strada. Durante questa ricerca un incontro casuale le far\u00e0 capire che forse lei non ha una strada ma una piazza, qualcosa di diverso all\u2019interno della quale trovare il proprio equilibrio.<\/p>\n<p><strong>Retroscena \u2013 i segreti del teatro, viaggi nelle {cre}azioni. Un programma di Michele Sciancalepore, in onda marted\u00ec 19 gennaio alle 23.20, domenica 24 alle 12.45 e luned\u00ec 25 gennaio alle 00.50 su Tv2000 (Canale 140 SKY, canale 28 digitale terrestre, canale 18 di tiv\u00f9sat).<\/strong><\/p>\n","protected":false},"excerpt":{"rendered":"\u201cMagici\u201d per Walt Disney, \u201cgeniali\u201d per Charlie Chaplin e \u201cdivini\u201d per Greta Garbo sono i protagonisti della 16ma puntata di Retroscena: I \u201cPiccoli\u201c di Podrecca. Pezzi di legno, marionette, burattini? Non solo, sono dei veri e propri miti che in oltre 50 anni di attivit\u00e0, dal 1914 fino alla fine degli anni \u201960, si sono [&hellip;]","protected":false},"author":9,"featured_media":626,"comment_status":"open","ping_status":"open","sticky":false,"template":"","format":"standard","meta":{"_acf_changed":false,"footnotes":""},"categories":[6],"tags":[120,118,122,119,121,124,123],"class_list":["post-625","post","type-post","status-publish","format-standard","has-post-thumbnail","hentry","category-prossimamente","tag-aleksandros-memetaj","tag-barbara-della-polla","tag-elena-dangelo","tag-ennio-guerrato","tag-giampiero-rappa","tag-maria-gabriella-marino","tag-roberto-baldassari"],"acf":[],"aioseo_notices":[],"featured_image_url":"https:\/\/www.tv2000.it\/retroscena\/wp-content\/uploads\/sites\/14\/2016\/01\/podreccanews.jpg","_links":{"self":[{"href":"https:\/\/www.tv2000.it\/retroscena\/wp-json\/wp\/v2\/posts\/625","targetHints":{"allow":["GET"]}}],"collection":[{"href":"https:\/\/www.tv2000.it\/retroscena\/wp-json\/wp\/v2\/posts"}],"about":[{"href":"https:\/\/www.tv2000.it\/retroscena\/wp-json\/wp\/v2\/types\/post"}],"author":[{"embeddable":true,"href":"https:\/\/www.tv2000.it\/retroscena\/wp-json\/wp\/v2\/users\/9"}],"replies":[{"embeddable":true,"href":"https:\/\/www.tv2000.it\/retroscena\/wp-json\/wp\/v2\/comments?post=625"}],"version-history":[{"count":1,"href":"https:\/\/www.tv2000.it\/retroscena\/wp-json\/wp\/v2\/posts\/625\/revisions"}],"predecessor-version":[{"id":627,"href":"https:\/\/www.tv2000.it\/retroscena\/wp-json\/wp\/v2\/posts\/625\/revisions\/627"}],"wp:featuredmedia":[{"embeddable":true,"href":"https:\/\/www.tv2000.it\/retroscena\/wp-json\/wp\/v2\/media\/626"}],"wp:attachment":[{"href":"https:\/\/www.tv2000.it\/retroscena\/wp-json\/wp\/v2\/media?parent=625"}],"wp:term":[{"taxonomy":"category","embeddable":true,"href":"https:\/\/www.tv2000.it\/retroscena\/wp-json\/wp\/v2\/categories?post=625"},{"taxonomy":"post_tag","embeddable":true,"href":"https:\/\/www.tv2000.it\/retroscena\/wp-json\/wp\/v2\/tags?post=625"}],"curies":[{"name":"wp","href":"https:\/\/api.w.org\/{rel}","templated":true}]}}