{"id":682,"date":"2016-01-14T14:35:53","date_gmt":"2016-01-14T13:35:53","guid":{"rendered":"http:\/\/www.tv2000.it\/retroscena\/?p=682"},"modified":"2016-01-18T12:42:19","modified_gmt":"2016-01-18T11:42:19","slug":"lava-bubbles-magma-espressivo","status":"publish","type":"post","link":"https:\/\/www.tv2000.it\/retroscena\/2016\/01\/14\/lava-bubbles-magma-espressivo\/","title":{"rendered":"Lava Bubbles : magma espressivo!"},"content":{"rendered":"<figure id=\"attachment_683\" aria-describedby=\"caption-attachment-683\" style=\"width: 300px\" class=\"wp-caption alignleft\"><a href=\"http:\/\/www.tv2000.it\/retroscena\/wp-content\/uploads\/sites\/14\/2016\/01\/SER1301.jpg\"><img decoding=\"async\" class=\"size-medium wp-image-683\" src=\"http:\/\/www.tv2000.it\/retroscena\/wp-content\/uploads\/sites\/14\/2016\/01\/SER1301-300x200.jpg\" alt=\" Spettacolo &quot;Lava Bubbles&quot; della Compagnia Zappal\u00e0 Danza\" width=\"300\" height=\"200\" srcset=\"https:\/\/www.tv2000.it\/retroscena\/wp-content\/uploads\/sites\/14\/2016\/01\/SER1301-300x200.jpg 300w, https:\/\/www.tv2000.it\/retroscena\/wp-content\/uploads\/sites\/14\/2016\/01\/SER1301-768x511.jpg 768w, https:\/\/www.tv2000.it\/retroscena\/wp-content\/uploads\/sites\/14\/2016\/01\/SER1301-1024x682.jpg 1024w, https:\/\/www.tv2000.it\/retroscena\/wp-content\/uploads\/sites\/14\/2016\/01\/SER1301-41x27.jpg 41w, https:\/\/www.tv2000.it\/retroscena\/wp-content\/uploads\/sites\/14\/2016\/01\/SER1301-280x186.jpg 280w, https:\/\/www.tv2000.it\/retroscena\/wp-content\/uploads\/sites\/14\/2016\/01\/SER1301-650x433.jpg 650w, https:\/\/www.tv2000.it\/retroscena\/wp-content\/uploads\/sites\/14\/2016\/01\/SER1301.jpg 1478w\" sizes=\"(max-width: 300px) 100vw, 300px\" \/><\/a><figcaption id=\"caption-attachment-683\" class=\"wp-caption-text\">Spettacolo &#8220;Lava Bubbles&#8221; della Compagnia Zappal\u00e0 Danza<\/figcaption><\/figure>\n<p>Alle spalle la storica piazza del Duomo, quella con la cattedrale di sant\u2019Agata e con &#8220;u Liotru&#8221;, il simbolo di Catania, ovvero, la statua in pietra lavica del famoso elefante. Di fronte la storica asse cittadina, la via Etnea che punta dritto e sale verso l\u2019imponente vulcano. In mezzo piazza Universit\u00e0, amplissima, quadrata; e al centro di questo arioso spazio tardo-barocco un altrettanto quadrato, enorme palco, 16 x 16, tutto bianco e che ospita nel suo punto centrale due batterie, rivolte ai due lati opposti della piazza. \u00c8 quasi sera quando i due batteristi si siedono, si danno le spalle e squarciano improvvisamente l\u2019afa con potenti colpi che invadono lo spazio e creano un frenetico ritmo jazz calamitante e centripeto. Vanno avanti cos\u00ec per alcuni minuti ipnotizzando gli avventori occasionali. Quando la rutilante sequenza sonora si chiude si alza immediatamente una voce. \u00c8 quella del prof. Michele Trimarchi dell\u2019Universit\u00e0 di Bologna che, in modo nient\u2019affatto accademico, condivide con gli astanti una riflessione sulla conquista fisica ed emotiva degli spazi della citt\u00e0 e invita a vedere e a vivere \u201cuno spettacolo non efficiente, ma efficace\u201d. In realt\u00e0 si riveler\u00e0 precisa e con una coreografia rigorosa nella sua complessit\u00e0 e poliedricit\u00e0, la performance di danza che ne seguir\u00e0 e che sar\u00e0 sostenuta, provocata, esaltata dal costante ritmo dei due batteristi (gli straordinari Francesco Cusa e Bernardo Guerra) e intervallata da altre due argute e lapidarie osservazioni (ad opera dei professori Enrico Pitozzi e Stefano Tomassini) sul tema dell\u2019esilio e dell\u2019arte che abita l\u2019incompiuto e il disequilibrio.<\/p>\n<p>Questo \u00e8 solo l\u2019inizio di <em>Lava Bubbles<\/em>, \u201cbolle di lava\u201d, un evento appositamente pensato per Catania e per il \u201cFestival I Art\u201d, con cui si sono conclusi i festeggiamenti per il venticinquesimo anniversario dalla fondazione di un\u2019eccellenza della danza contemporanea del sud, la Compagnia Zappal\u00e0, che di recente ha ottenuto l&#8217;importante riconoscimento ministeriale di \u201cCentro di produzione\u201d dopo che per un quarto di secolo il suo fondatore e coreografo Roberto Zappal\u00e0, dalla sua residenza e fucina creativa \u201cScenario Pubblico\u201d, ha svolto un prezioso lavoro di creazione e diffusione artistica da sempre innervato nel territorio. Ed \u00e8 accaduto anche con la prima assoluta di <em>Lava Bubbles<\/em>, un vero e proprio \u201chappening\u201d che enfatizza il rapporto inestricabile fra la forma artistica e quella urbanistica. L\u2019arte volutamente non \u00e8 relegata nei confini scenici tradizionali ma \u00e8 pensata per invadere lo spazio quotidiano, cos\u00ec come fanno i 12 danzatori che in questo caso occupano il palco bianco progressivamente e lentamente, tutti vestiti di rosso fuoco e nero lavico.<\/p>\n<p>L\u2019evocazione dell\u2019Etna \u00e8 lapalissiana ma sorprendente \u00e8 assistere alla traduzione corporea che ne fa la coreografia di Zappal\u00e0. I ballerini producono assoli, duetti, terzetti, quartetti, o gruppi corali che si creano e dissolvono costantemente senza soluzione di continuit\u00e0. I movimenti sono disarticolati o acrobatici, fluidi o tarantolati; i danzatori occupano tutto lo spazio o corrono lungo il perimetro, si fermano, ripartono; non c\u2019\u00e8 nulla di prevedibile, sono bolle, polimorfe e inimitabili, potenti e spontanee, istantanee o dilatate. Insomma \u00e8 un ribollire magmatico, una continua eruzione vulcanica che sembra spontanea ma scaturisce in realt\u00e0 da un nucleo profondo di energia ancestrale e <span style=\"color: #000000; font-family: Calibri;\">incommensurabile. Un inno alla vita che avvince e affascina i non pi\u00f9 occasionali spettatori i quali, dopo un\u2019ora di performance, chiedono: \u201cma lo rifanno? E quando?\u201d. <\/span><\/p>\n<p style=\"text-align: right;\"><em>di Michele Sciancalepore, fonte Avvenire<\/em><\/p>\n<p>&nbsp;<\/p>\n","protected":false},"excerpt":{"rendered":"Alle spalle la storica piazza del Duomo, quella con la cattedrale di sant\u2019Agata e con &#8220;u Liotru&#8221;, il simbolo di Catania, ovvero, la statua in pietra lavica del famoso elefante. Di fronte la storica asse cittadina, la via Etnea che punta dritto e sale verso l\u2019imponente vulcano. In mezzo piazza Universit\u00e0, amplissima, quadrata; e al [&hellip;]","protected":false},"author":32,"featured_media":683,"comment_status":"open","ping_status":"open","sticky":false,"template":"","format":"standard","meta":{"_acf_changed":false,"footnotes":""},"categories":[90],"tags":[128,127,77,129],"class_list":["post-682","post","type-post","status-publish","format-standard","has-post-thumbnail","hentry","category-le-nostre-recensioni","tag-compagnia-zappala","tag-lava-bubbles","tag-roberto-zappala","tag-scenario-pubblico"],"acf":[],"aioseo_notices":[],"featured_image_url":"https:\/\/www.tv2000.it\/retroscena\/wp-content\/uploads\/sites\/14\/2016\/01\/SER1301-1024x682.jpg","_links":{"self":[{"href":"https:\/\/www.tv2000.it\/retroscena\/wp-json\/wp\/v2\/posts\/682","targetHints":{"allow":["GET"]}}],"collection":[{"href":"https:\/\/www.tv2000.it\/retroscena\/wp-json\/wp\/v2\/posts"}],"about":[{"href":"https:\/\/www.tv2000.it\/retroscena\/wp-json\/wp\/v2\/types\/post"}],"author":[{"embeddable":true,"href":"https:\/\/www.tv2000.it\/retroscena\/wp-json\/wp\/v2\/users\/32"}],"replies":[{"embeddable":true,"href":"https:\/\/www.tv2000.it\/retroscena\/wp-json\/wp\/v2\/comments?post=682"}],"version-history":[{"count":1,"href":"https:\/\/www.tv2000.it\/retroscena\/wp-json\/wp\/v2\/posts\/682\/revisions"}],"predecessor-version":[{"id":684,"href":"https:\/\/www.tv2000.it\/retroscena\/wp-json\/wp\/v2\/posts\/682\/revisions\/684"}],"wp:featuredmedia":[{"embeddable":true,"href":"https:\/\/www.tv2000.it\/retroscena\/wp-json\/wp\/v2\/media\/683"}],"wp:attachment":[{"href":"https:\/\/www.tv2000.it\/retroscena\/wp-json\/wp\/v2\/media?parent=682"}],"wp:term":[{"taxonomy":"category","embeddable":true,"href":"https:\/\/www.tv2000.it\/retroscena\/wp-json\/wp\/v2\/categories?post=682"},{"taxonomy":"post_tag","embeddable":true,"href":"https:\/\/www.tv2000.it\/retroscena\/wp-json\/wp\/v2\/tags?post=682"}],"curies":[{"name":"wp","href":"https:\/\/api.w.org\/{rel}","templated":true}]}}