{"id":688,"date":"2016-01-19T18:48:03","date_gmt":"2016-01-19T17:48:03","guid":{"rendered":"http:\/\/www.tv2000.it\/retroscena\/?p=688"},"modified":"2016-01-19T19:30:35","modified_gmt":"2016-01-19T18:30:35","slug":"gabriele-lavia-e-antonio-rezza-a-retroscena-il-26-e-31-gennaio-e-1-febbraio","status":"publish","type":"post","link":"https:\/\/www.tv2000.it\/retroscena\/2016\/01\/19\/gabriele-lavia-e-antonio-rezza-a-retroscena-il-26-e-31-gennaio-e-1-febbraio\/","title":{"rendered":"Gabriele Lavia e Antonio Rezza a Retroscena il 26 e 31 gennaio e 1 febbraio"},"content":{"rendered":"<p><strong>Gabriele Lavia<\/strong> e <strong>Antonio Rezza<\/strong> protagonisti assoluti in esclusiva nella 17esima puntata di Retroscena. Davanti alle nostre telecamere il genio di due \u201canimali da palcoscenico\u201d, diversissimi fra loro ma entrambi capaci di sconvolgere e illuminare senza retorica e con assoluta potenza.<\/p>\n<div class=\"fluid-embed-container\"><iframe title=\"Gabriele Lavia e Antonio Rezza a Retroscena il 26 e 31 gennaio e 1 febbraio\" width=\"640\" height=\"360\" src=\"https:\/\/www.youtube.com\/embed\/kVj1nNuZEjQ?feature=oembed\" frameborder=\"0\" allow=\"accelerometer; autoplay; clipboard-write; encrypted-media; gyroscope; picture-in-picture; web-share\" referrerpolicy=\"strict-origin-when-cross-origin\" allowfullscreen><\/iframe><\/div>\n<p>E\u2019 un verbo che d\u00e0 il senso del combattimento, ma anche del desiderio \u201c<strong><em>Anelante<\/em>\u201d<\/strong>, un verbo che \u00e8 anche il titolo dell\u2019ultima creazione di <strong>Antonio Rezza<\/strong> e <strong>Flavia Mastrella<\/strong>: uno spettacolo che parla di un eroe composto non di azioni ma di portamento, dove a giganteggiare come al solito \u00e8 il corpo-simbolo del performer Rezza.<\/p>\n<p>Un corpo che non si esaurisce nella presenza fisica ma si allunga attraverso la sua ricerca metafisica.<\/p>\n<p>Un corpo che si muove e fa muovere fino allo spasimo quelli dei fortunati spettatori attraverso il propellente pi\u00f9 difficile da generare in teatro: il riso, minimo comun denominatore dell\u2019arte del duo Rezza-Mastrella.<\/p>\n<p>Un duo fuori dai circuiti. Un duo da\u2026corto-circuiti!<\/p>\n<p>La diciassettesima puntata prosegue il suo viaggio con un vecchio leone della scena italiana: <strong>Gabriele Lavia<\/strong>, che in questi giorni approda al teatro Eliseo di Roma con i suoi \u201c<strong><em>Sei personaggi in cerca di autore<\/em><\/strong>\u201d di Luigi Pirandello.<\/p>\n<p>Un ricco e articolato reportage racconta il processo creativo, le difficolt\u00e0, le invenzioni sceniche, il lavoro degli interpreti e gli insegnamenti di uno degli ultimi grandi registi del teatro italiano alle prese con il testo pi\u00f9 originale, vertiginoso e rivoluzionario della drammaturgia nazionale.<\/p>\n<p>L\u2019intervista esclusiva di Michele Sciancalepore al grande attore e regista fa da filo conduttore a una sequenza vibrante e affascinante dei momenti pi\u00f9 significativi ed emozionanti delle prove ripresi dall\u2019occhio attento delle telecamere di Retroscena.<\/p>\n<p><strong>Retroscena \u2013 i segreti del teatro, viaggi nelle {cre}azioni. Un programma di Michele Sciancalepore, in onda marted\u00ec 26 gennaio alle 23.35, domenica 31 gennaio alle 12.45 e luned\u00ec 1 febbraio alle 00.15 su TV2000 (Canale 140 SKY, canale 28 digitale terrestre, canale 18 di tiv\u00f9sat).<\/strong><\/p>\n","protected":false},"excerpt":{"rendered":"Gabriele Lavia e Antonio Rezza protagonisti assoluti in esclusiva nella 17esima puntata di Retroscena. Davanti alle nostre telecamere il genio di due \u201canimali da palcoscenico\u201d, diversissimi fra loro ma entrambi capaci di sconvolgere e illuminare senza retorica e con assoluta potenza. E\u2019 un verbo che d\u00e0 il senso del combattimento, ma anche del desiderio \u201cAnelante\u201d, [&hellip;]","protected":false},"author":9,"featured_media":689,"comment_status":"open","ping_status":"open","sticky":false,"template":"","format":"standard","meta":{"_acf_changed":false,"footnotes":""},"categories":[6],"tags":[130,45],"class_list":["post-688","post","type-post","status-publish","format-standard","has-post-thumbnail","hentry","category-prossimamente","tag-antonio-rezza","tag-gabriele-lavia"],"acf":[],"aioseo_notices":[],"featured_image_url":"https:\/\/www.tv2000.it\/retroscena\/wp-content\/uploads\/sites\/14\/2016\/01\/laviasito.jpg","_links":{"self":[{"href":"https:\/\/www.tv2000.it\/retroscena\/wp-json\/wp\/v2\/posts\/688","targetHints":{"allow":["GET"]}}],"collection":[{"href":"https:\/\/www.tv2000.it\/retroscena\/wp-json\/wp\/v2\/posts"}],"about":[{"href":"https:\/\/www.tv2000.it\/retroscena\/wp-json\/wp\/v2\/types\/post"}],"author":[{"embeddable":true,"href":"https:\/\/www.tv2000.it\/retroscena\/wp-json\/wp\/v2\/users\/9"}],"replies":[{"embeddable":true,"href":"https:\/\/www.tv2000.it\/retroscena\/wp-json\/wp\/v2\/comments?post=688"}],"version-history":[{"count":2,"href":"https:\/\/www.tv2000.it\/retroscena\/wp-json\/wp\/v2\/posts\/688\/revisions"}],"predecessor-version":[{"id":691,"href":"https:\/\/www.tv2000.it\/retroscena\/wp-json\/wp\/v2\/posts\/688\/revisions\/691"}],"wp:featuredmedia":[{"embeddable":true,"href":"https:\/\/www.tv2000.it\/retroscena\/wp-json\/wp\/v2\/media\/689"}],"wp:attachment":[{"href":"https:\/\/www.tv2000.it\/retroscena\/wp-json\/wp\/v2\/media?parent=688"}],"wp:term":[{"taxonomy":"category","embeddable":true,"href":"https:\/\/www.tv2000.it\/retroscena\/wp-json\/wp\/v2\/categories?post=688"},{"taxonomy":"post_tag","embeddable":true,"href":"https:\/\/www.tv2000.it\/retroscena\/wp-json\/wp\/v2\/tags?post=688"}],"curies":[{"name":"wp","href":"https:\/\/api.w.org\/{rel}","templated":true}]}}