{"id":726,"date":"2016-02-10T13:38:13","date_gmt":"2016-02-10T12:38:13","guid":{"rendered":"http:\/\/www.tv2000.it\/retroscena\/?p=726"},"modified":"2016-02-10T13:38:13","modified_gmt":"2016-02-10T12:38:13","slug":"tony-servillo-a-retroscena-il-16-18-e-22-febbraio","status":"publish","type":"post","link":"https:\/\/www.tv2000.it\/retroscena\/2016\/02\/10\/tony-servillo-a-retroscena-il-16-18-e-22-febbraio\/","title":{"rendered":"Tony Servillo a Retroscena il 16, 18 e 22 febbraio"},"content":{"rendered":"<p><a href=\"http:\/\/www.tv2000.it\/retroscena\/wp-content\/uploads\/sites\/14\/2016\/02\/Peppe-e-Toni-Servillo-in-scena-con-La-Parola-Canta-al-Teatro-Bellini.jpg\"><img decoding=\"async\" class=\"aligncenter size-full wp-image-727\" src=\"http:\/\/www.tv2000.it\/retroscena\/wp-content\/uploads\/sites\/14\/2016\/02\/Peppe-e-Toni-Servillo-in-scena-con-La-Parola-Canta-al-Teatro-Bellini.jpg\" alt=\"Tony Servillo\" width=\"640\" height=\"400\" srcset=\"https:\/\/www.tv2000.it\/retroscena\/wp-content\/uploads\/sites\/14\/2016\/02\/Peppe-e-Toni-Servillo-in-scena-con-La-Parola-Canta-al-Teatro-Bellini.jpg 640w, https:\/\/www.tv2000.it\/retroscena\/wp-content\/uploads\/sites\/14\/2016\/02\/Peppe-e-Toni-Servillo-in-scena-con-La-Parola-Canta-al-Teatro-Bellini-300x188.jpg 300w, https:\/\/www.tv2000.it\/retroscena\/wp-content\/uploads\/sites\/14\/2016\/02\/Peppe-e-Toni-Servillo-in-scena-con-La-Parola-Canta-al-Teatro-Bellini-43x27.jpg 43w, https:\/\/www.tv2000.it\/retroscena\/wp-content\/uploads\/sites\/14\/2016\/02\/Peppe-e-Toni-Servillo-in-scena-con-La-Parola-Canta-al-Teatro-Bellini-280x175.jpg 280w\" sizes=\"(max-width: 640px) 100vw, 640px\" \/><\/a><\/p>\n<p>Nella 19ma puntata di Retroscena in esclusiva protagonista <strong>Tony Servillo<\/strong>. Con l\u2019aiuto del grande artista del teatro italiano andremo alla scoperta di territori dove \u00e8 inevitabile incontrare solo le \u201cparole necessarie\u201d, quelle davvero indispensabili e inevitabili per aprire mondi.<\/p>\n<p>E le abbiamo trovate nella musica e nella poesia: linguaggi che scavano nell\u2019interiorit\u00e0 delle persone, perch\u00e9 capaci di parlare all\u2019immaginazione, non solo alla ragione.<\/p>\n<p>Linguaggi che riusciamo a capire e ad usare ma che non sempre siamo in grado di tradurre, avvertendone la bellezza prima ancora del significato.<\/p>\n<p>Linguaggi al centro dell\u2019ultimo spettacolo di <strong>Tony Servillo<\/strong> e del fratello <strong>Peppe Servillo<\/strong>: \u201c<strong><em>La Parola Canta<\/em><\/strong>\u201d.<\/p>\n<p>Una puntata all\u2019insegna dello stupore dunque, che si avventura ai confini del nostro mondo percepito l\u00ec dove i confini vengono ridisegnati, cos\u00ec come fece per tutta la sua vita un genio dell\u2019arte e della scienza quale Leonardo Da Vinci.<\/p>\n<p>E proprio a un inedito Leonardo fanciullo \u00e8 dedicato lo spettacolo \u201c<strong>Leo<\/strong>\u201d per la regia di <strong>Francesco Frangipane<\/strong>, che si avvale delle scenografie di <strong>Lorenzo Terranera<\/strong> (gi\u00e0 illustratore per la trasmissione televisiva Ballar\u00f2).<\/p>\n<p>Del genio leonardesco sappiamo molto, quasi tutto: tutte le sue invenzioni, i suoi quadri, gli studi e la filosofia, ma forse sappiamo molto poco della sua infanzia,<\/p>\n<p>Che bambino era? Come giocava? Cosa lo incuriosiva? Quali i suoi amici?<\/p>\n<p>A queste e ad altre domande prova a rispondere lo spettacolo di Francesco Frangipane su uno dei personaggi che pi\u00f9 hanno influito sulla storia e l\u2019evoluzione dell\u2019umanit\u00e0 a seguire.<\/p>\n<p>&nbsp;<\/p>\n<p><strong>Retroscena \u2013 i segreti del teatro, viaggi nelle {cre}azioni. Un programma di Michele Sciancalepore, in onda marted\u00ec 16 febbraio alle 00.45, gioved\u00ec 18 alle 23.10 e luned\u00ec 22 febbraio alle 00.30 su TV2000 (Canale 140 SKY, canale 28 digitale terrestre, canale 18 di tiv\u00f9sat).<\/strong><\/p>\n","protected":false},"excerpt":{"rendered":"Nella 19ma puntata di Retroscena in esclusiva protagonista Tony Servillo. Con l\u2019aiuto del grande artista del teatro italiano andremo alla scoperta di territori dove \u00e8 inevitabile incontrare solo le \u201cparole necessarie\u201d, quelle davvero indispensabili e inevitabili per aprire mondi. E le abbiamo trovate nella musica e nella poesia: linguaggi che scavano nell\u2019interiorit\u00e0 delle persone, perch\u00e9 [&hellip;]","protected":false},"author":9,"featured_media":727,"comment_status":"open","ping_status":"open","sticky":false,"template":"","format":"standard","meta":{"_acf_changed":false,"footnotes":""},"categories":[6],"tags":[135,134,133],"class_list":["post-726","post","type-post","status-publish","format-standard","has-post-thumbnail","hentry","category-prossimamente","tag-francesco-frangipane","tag-peppe-servillo","tag-tony-servillo"],"acf":[],"aioseo_notices":[],"featured_image_url":"https:\/\/www.tv2000.it\/retroscena\/wp-content\/uploads\/sites\/14\/2016\/02\/Peppe-e-Toni-Servillo-in-scena-con-La-Parola-Canta-al-Teatro-Bellini.jpg","_links":{"self":[{"href":"https:\/\/www.tv2000.it\/retroscena\/wp-json\/wp\/v2\/posts\/726","targetHints":{"allow":["GET"]}}],"collection":[{"href":"https:\/\/www.tv2000.it\/retroscena\/wp-json\/wp\/v2\/posts"}],"about":[{"href":"https:\/\/www.tv2000.it\/retroscena\/wp-json\/wp\/v2\/types\/post"}],"author":[{"embeddable":true,"href":"https:\/\/www.tv2000.it\/retroscena\/wp-json\/wp\/v2\/users\/9"}],"replies":[{"embeddable":true,"href":"https:\/\/www.tv2000.it\/retroscena\/wp-json\/wp\/v2\/comments?post=726"}],"version-history":[{"count":1,"href":"https:\/\/www.tv2000.it\/retroscena\/wp-json\/wp\/v2\/posts\/726\/revisions"}],"predecessor-version":[{"id":728,"href":"https:\/\/www.tv2000.it\/retroscena\/wp-json\/wp\/v2\/posts\/726\/revisions\/728"}],"wp:featuredmedia":[{"embeddable":true,"href":"https:\/\/www.tv2000.it\/retroscena\/wp-json\/wp\/v2\/media\/727"}],"wp:attachment":[{"href":"https:\/\/www.tv2000.it\/retroscena\/wp-json\/wp\/v2\/media?parent=726"}],"wp:term":[{"taxonomy":"category","embeddable":true,"href":"https:\/\/www.tv2000.it\/retroscena\/wp-json\/wp\/v2\/categories?post=726"},{"taxonomy":"post_tag","embeddable":true,"href":"https:\/\/www.tv2000.it\/retroscena\/wp-json\/wp\/v2\/tags?post=726"}],"curies":[{"name":"wp","href":"https:\/\/api.w.org\/{rel}","templated":true}]}}