{"id":735,"date":"2016-02-17T12:20:46","date_gmt":"2016-02-17T11:20:46","guid":{"rendered":"http:\/\/www.tv2000.it\/retroscena\/?p=735"},"modified":"2016-02-17T12:20:46","modified_gmt":"2016-02-17T11:20:46","slug":"il-prezzo-secondo-massimo-popolizio-e-umberto-orsini","status":"publish","type":"post","link":"https:\/\/www.tv2000.it\/retroscena\/2016\/02\/17\/il-prezzo-secondo-massimo-popolizio-e-umberto-orsini\/","title":{"rendered":"&#8220;Il Prezzo&#8221; secondo Massimo Popolizio e Umberto Orsini"},"content":{"rendered":"<figure id=\"attachment_736\" aria-describedby=\"caption-attachment-736\" style=\"width: 300px\" class=\"wp-caption alignleft\"><a href=\"http:\/\/www.tv2000.it\/retroscena\/wp-content\/uploads\/sites\/14\/2016\/02\/il-prezzo-foto-Filippo-Milani.jpg\"><img decoding=\"async\" class=\"wp-image-736 size-medium\" src=\"http:\/\/www.tv2000.it\/retroscena\/wp-content\/uploads\/sites\/14\/2016\/02\/il-prezzo-foto-Filippo-Milani-300x200.jpg\" alt=\"Il Prezzo - foto Filippo Milani\" width=\"300\" height=\"200\" srcset=\"https:\/\/www.tv2000.it\/retroscena\/wp-content\/uploads\/sites\/14\/2016\/02\/il-prezzo-foto-Filippo-Milani-300x200.jpg 300w, https:\/\/www.tv2000.it\/retroscena\/wp-content\/uploads\/sites\/14\/2016\/02\/il-prezzo-foto-Filippo-Milani-768x512.jpg 768w, https:\/\/www.tv2000.it\/retroscena\/wp-content\/uploads\/sites\/14\/2016\/02\/il-prezzo-foto-Filippo-Milani-1024x683.jpg 1024w, https:\/\/www.tv2000.it\/retroscena\/wp-content\/uploads\/sites\/14\/2016\/02\/il-prezzo-foto-Filippo-Milani-41x27.jpg 41w, https:\/\/www.tv2000.it\/retroscena\/wp-content\/uploads\/sites\/14\/2016\/02\/il-prezzo-foto-Filippo-Milani-280x187.jpg 280w, https:\/\/www.tv2000.it\/retroscena\/wp-content\/uploads\/sites\/14\/2016\/02\/il-prezzo-foto-Filippo-Milani-650x433.jpg 650w, https:\/\/www.tv2000.it\/retroscena\/wp-content\/uploads\/sites\/14\/2016\/02\/il-prezzo-foto-Filippo-Milani.jpg 2048w\" sizes=\"(max-width: 300px) 100vw, 300px\" \/><\/a><figcaption id=\"caption-attachment-736\" class=\"wp-caption-text\">Il Prezzo &#8211; da sinistra: Elia Schilton,Umberto Orsini, Alvia Reale e Massimo Popolizio &#8211; foto di Filippo Milani<\/figcaption><\/figure>\n<p>Quando al National Theatre di Londra Umberto Orsini scopr\u00ec <em>The price<\/em> di Arthur Miller e ne compr\u00f2 i diritti per allestirlo in Italia ha fatto un gran bene al teatro e a noi che abbiamo assistito alla prima all\u2019Argentina di Roma. <em>Il prezzo<\/em> possiede il dono, tipico delle opere del grande drammaturgo americano, di riuscire a innestare drammi privati in contesti sociali e risulta profetico quando apre spaccati sulle nuove povert\u00e0 o sulla tendenza di una generazione incline alla provvisoriet\u00e0 e refrattaria al senso di responsabilit\u00e0. La crisi economica e la logica del profitto fanno da sfondo e da propellente alle problematiche familiari che vengono enucleate e il titolo del testo ha una duplice valenza: \u201cil prezzo\u201d non \u00e8 solo quello che un perito deve stabilire per comprare tutta la mobilia di una casa in demolizione, ma anche quello che due fratelli stanno pagando per le scelte di vita compiute. Dopo 16 anni, infatti, Victor e Walter Franz si incontrano per vendere gli oggetti dell\u2019appartamento del loro padre defunto e segnato in passato dal famigerato crollo della Borsa del \u201929. Solomon, un broker ebreo novantenne, viene chiamato per farne la stima.<\/p>\n<p>Dov\u2019\u00e8 il dramma? Nei livori mai sopiti, nei dolori mai assorbiti, nei rancori latenti e ancora brucianti, nelle recriminazioni reciproche dei due fratelli: da un lato Victor che ha sacrificato studi e talenti per assistere il pap\u00e0 depresso, dall\u2019altro Walter che ha troncato ogni legame familiare per emanciparsi e fare carriera. Ma il nodo \u00e8 molto pi\u00f9 aggrovigliato di quel che sembra: tra agnizioni, svelamenti, tesi e antitesi che si incalzano il sacrificio di uno si colora di impotenza, la fuga dell\u2019altro di necessit\u00e0 e la figura del padre di infantile egoismo. I chiaroscuri abbondano e lo sguardo di Miller \u00e8 come sempre una sapiente alchimia di spietatezza e compassione. Massimo Popolizio come regista sfrutta pienamente tutte le peculiarit\u00e0 del testo e come interprete di Victor \u00e8 penetrante e ficcante, forse solo a tratti un po\u2019 compiaciuto.<\/p>\n<p>Intelligentemente semplice, ai confini del didascalico, la scenografia di Maurizio Bal\u00f2 in cui giganteggia la montagna di cose (e di simbolici scheletri negli armadi) nascosta da cupi e grigi teli. Efficace e coerente anche Elia Schilton nei panni di Walter; cos\u00ec come incisiva Alvia Reale abile a dare credibilit\u00e0 alla fulminea metamorfosi di Esther, il suo personaggio, moglie nevrotica, depressa e assillante di Victor che si rivela alla fine coniuge solidale e comprensiva. Superbo infine Orsini nel dare anima e corpo all\u2019arzillo ed effervescente broker ebreo Solomon, una sorta di <em>fool<\/em>, al di sopra e al di fuori delle conflittuali dinamiche della famiglia Franz, e che ricorda per tenerezza, brio e sapienza \u201cil violinista sul tetto\u201d di Shalom Aleichem. E incantevole il suo assolo che chiude la pi\u00e8ce in cui accenna passi di danza su ballabili d\u2019annata. Trovata geniale che proietta la dura verbosit\u00e0 del testo in una dimensione rarefatta e onirica donando al suo personaggio una doppia finalit\u00e0: quella di un angelo della vita o della morte che stende un velo pietoso di leggerezza sulle ferite della lacerata famiglia e balla sopra le macerie di una terra desolata.<\/p>\n<p style=\"text-align: right;\"><em>di Michele Sciancalepore, fonte Avvenire<\/em><\/p>\n","protected":false},"excerpt":{"rendered":"Quando al National Theatre di Londra Umberto Orsini scopr\u00ec The price di Arthur Miller e ne compr\u00f2 i diritti per allestirlo in Italia ha fatto un gran bene al teatro e a noi che abbiamo assistito alla prima all\u2019Argentina di Roma. Il prezzo possiede il dono, tipico delle opere del grande drammaturgo americano, di riuscire [&hellip;]","protected":false},"author":32,"featured_media":736,"comment_status":"open","ping_status":"open","sticky":false,"template":"","format":"standard","meta":{"_acf_changed":false,"footnotes":""},"categories":[90],"tags":[86,89,138,84],"class_list":["post-735","post","type-post","status-publish","format-standard","has-post-thumbnail","hentry","category-le-nostre-recensioni","tag-alvia-reale","tag-arthur-miller","tag-il-prezzo","tag-umberto-orsini"],"acf":[],"aioseo_notices":[],"featured_image_url":"https:\/\/www.tv2000.it\/retroscena\/wp-content\/uploads\/sites\/14\/2016\/02\/il-prezzo-foto-Filippo-Milani-1024x683.jpg","_links":{"self":[{"href":"https:\/\/www.tv2000.it\/retroscena\/wp-json\/wp\/v2\/posts\/735","targetHints":{"allow":["GET"]}}],"collection":[{"href":"https:\/\/www.tv2000.it\/retroscena\/wp-json\/wp\/v2\/posts"}],"about":[{"href":"https:\/\/www.tv2000.it\/retroscena\/wp-json\/wp\/v2\/types\/post"}],"author":[{"embeddable":true,"href":"https:\/\/www.tv2000.it\/retroscena\/wp-json\/wp\/v2\/users\/32"}],"replies":[{"embeddable":true,"href":"https:\/\/www.tv2000.it\/retroscena\/wp-json\/wp\/v2\/comments?post=735"}],"version-history":[{"count":4,"href":"https:\/\/www.tv2000.it\/retroscena\/wp-json\/wp\/v2\/posts\/735\/revisions"}],"predecessor-version":[{"id":741,"href":"https:\/\/www.tv2000.it\/retroscena\/wp-json\/wp\/v2\/posts\/735\/revisions\/741"}],"wp:featuredmedia":[{"embeddable":true,"href":"https:\/\/www.tv2000.it\/retroscena\/wp-json\/wp\/v2\/media\/736"}],"wp:attachment":[{"href":"https:\/\/www.tv2000.it\/retroscena\/wp-json\/wp\/v2\/media?parent=735"}],"wp:term":[{"taxonomy":"category","embeddable":true,"href":"https:\/\/www.tv2000.it\/retroscena\/wp-json\/wp\/v2\/categories?post=735"},{"taxonomy":"post_tag","embeddable":true,"href":"https:\/\/www.tv2000.it\/retroscena\/wp-json\/wp\/v2\/tags?post=735"}],"curies":[{"name":"wp","href":"https:\/\/api.w.org\/{rel}","templated":true}]}}