{"id":742,"date":"2016-02-18T11:44:56","date_gmt":"2016-02-18T10:44:56","guid":{"rendered":"http:\/\/www.tv2000.it\/retroscena\/?p=742"},"modified":"2016-03-15T17:07:25","modified_gmt":"2016-03-15T16:07:25","slug":"backstage-reportage-del-musical-il-principe-ranocchio","status":"publish","type":"post","link":"https:\/\/www.tv2000.it\/retroscena\/2016\/02\/18\/backstage-reportage-del-musical-il-principe-ranocchio\/","title":{"rendered":"Backstage reportage del musical &#8220;Il Principe Ranocchio&#8221;"},"content":{"rendered":"<p>\u201c<strong>Il Principe Ranocchio<\/strong>\u201d vuole dimostrare come un prodotto tutto italiano possa avere il suo prestigio anche su un piano internazionale, cos\u00ec come l\u2019Opera ci ha confermato per secoli. Il musical, liberamente tratto dalla fiaba dei fratelli Grimm, con la regia e il libretto di <strong>Melina Pellicano<\/strong>, fin dalla prima scena, appassioner\u00e0 piccoli e grandi e li condurr\u00e0 in un mondo magico e divertente, sapendo farli commuovere, divertire ma anche riflettere sul valore della diversit\u00e0. Uno spettacolo che rappresenta uno sforzo importante per la compagnia che ha saputo coinvolgere eccellenze del mondo della musica, della lirica, dell\u2019effettistica e della recitazione, tutte rigorosamente italiane. Insomma, una piacevole conferma che progetti artistici di grande portata, capaci di abbinare alta qualit\u00e0 e incassi al botteghino, sono possibili anche nel nostro paese.<\/p>\n<div class=\"rgg-container\" data-rgg-id=\"1\">    <div class=\"rgg-imagegrid captions-title captions-effect-none \" data-rgg-id=\"1\">\n                    <a href=\"https:\/\/www.tv2000.it\/retroscena\/wp-content\/uploads\/sites\/14\/2016\/02\/Prove-del-muscial-Il-Principe-Ranocchio-11-e1458034115724.jpg\" data-rel=\"rgg\" rel=\"rgg\" title=\"Il Principe Ranocchio(Frog)\" class=\"rgg-disabled size-thumbnail rgg-img\" data-src=\"https:\/\/www.tv2000.it\/retroscena\/wp-content\/uploads\/sites\/14\/2016\/02\/Prove-del-muscial-Il-Principe-Ranocchio-11-e1458034115724-150x150.jpg\" data-ratio=\"1\" data-height=\"150\" data-width=\"150\" aria-label=\"\">\n                            <\/a>\n                    <a href=\"https:\/\/www.tv2000.it\/retroscena\/wp-content\/uploads\/sites\/14\/2016\/02\/Prove-del-muscial-Il-Principe-Ranocchio-2-1024x576.jpg\" data-rel=\"rgg\" rel=\"rgg\" title=\"Prove del musical &quot;Il Principe Ranocchio&quot;\" class=\"rgg-disabled size-thumbnail rgg-img\" data-src=\"https:\/\/www.tv2000.it\/retroscena\/wp-content\/uploads\/sites\/14\/2016\/02\/Prove-del-muscial-Il-Principe-Ranocchio-2-150x150.jpg\" data-ratio=\"1\" data-height=\"150\" data-width=\"150\" aria-label=\"\">\n                            <\/a>\n                    <a href=\"https:\/\/www.tv2000.it\/retroscena\/wp-content\/uploads\/sites\/14\/2016\/02\/Prove-del-muscial-Il-Principe-Ranocchio-3-1024x576.jpg\" data-rel=\"rgg\" rel=\"rgg\" title=\"Prove del musical &quot;Il Principe Ranocchio&quot;\" class=\"rgg-disabled size-thumbnail rgg-img\" data-src=\"https:\/\/www.tv2000.it\/retroscena\/wp-content\/uploads\/sites\/14\/2016\/02\/Prove-del-muscial-Il-Principe-Ranocchio-3-150x150.jpg\" data-ratio=\"1\" data-height=\"150\" data-width=\"150\" aria-label=\"\">\n                            <\/a>\n                    <a href=\"https:\/\/www.tv2000.it\/retroscena\/wp-content\/uploads\/sites\/14\/2016\/02\/Prove-del-muscial-Il-Principe-Ranocchio-4-1024x576.jpg\" data-rel=\"rgg\" rel=\"rgg\" title=\"La Principessa Lilian\" class=\"rgg-disabled size-thumbnail rgg-img\" data-src=\"https:\/\/www.tv2000.it\/retroscena\/wp-content\/uploads\/sites\/14\/2016\/02\/Prove-del-muscial-Il-Principe-Ranocchio-4-150x150.jpg\" data-ratio=\"1\" data-height=\"150\" data-width=\"150\" aria-label=\"\">\n                            <\/a>\n                    <a href=\"https:\/\/www.tv2000.it\/retroscena\/wp-content\/uploads\/sites\/14\/2016\/02\/Prove-del-muscial-Il-Principe-Ranocchio-5-1024x576.jpg\" data-rel=\"rgg\" rel=\"rgg\" title=\"La Principessa Lilian\" class=\"rgg-disabled size-thumbnail rgg-img\" data-src=\"https:\/\/www.tv2000.it\/retroscena\/wp-content\/uploads\/sites\/14\/2016\/02\/Prove-del-muscial-Il-Principe-Ranocchio-5-150x150.jpg\" data-ratio=\"1\" data-height=\"150\" data-width=\"150\" aria-label=\"\">\n                            <\/a>\n                    <a href=\"https:\/\/www.tv2000.it\/retroscena\/wp-content\/uploads\/sites\/14\/2016\/02\/Prove-del-muscial-Il-Principe-Ranocchio-6-1024x576.jpg\" data-rel=\"rgg\" rel=\"rgg\" title=\"Il bacio tra la La Principessa Lilian e il Principe Ranocchio\" class=\"rgg-disabled size-thumbnail rgg-img\" data-src=\"https:\/\/www.tv2000.it\/retroscena\/wp-content\/uploads\/sites\/14\/2016\/02\/Prove-del-muscial-Il-Principe-Ranocchio-6-150x150.jpg\" data-ratio=\"1\" data-height=\"150\" data-width=\"150\" aria-label=\"\">\n                            <\/a>\n                    <a href=\"https:\/\/www.tv2000.it\/retroscena\/wp-content\/uploads\/sites\/14\/2016\/02\/Prove-del-muscial-Il-Principe-Ranocchio-7-1024x576.jpg\" data-rel=\"rgg\" rel=\"rgg\" title=\"Il Principe Ranocchio\" class=\"rgg-disabled size-thumbnail rgg-img\" data-src=\"https:\/\/www.tv2000.it\/retroscena\/wp-content\/uploads\/sites\/14\/2016\/02\/Prove-del-muscial-Il-Principe-Ranocchio-7-150x150.jpg\" data-ratio=\"1\" data-height=\"150\" data-width=\"150\" aria-label=\"\">\n                            <\/a>\n                    <a href=\"https:\/\/www.tv2000.it\/retroscena\/wp-content\/uploads\/sites\/14\/2016\/02\/Prove-del-muscial-Il-Principe-Ranocchio-9-1024x576.jpg\" data-rel=\"rgg\" rel=\"rgg\" title=\"Il bacio tra la La Principessa Lilian e il Principe Ranocchio\" class=\"rgg-disabled size-thumbnail rgg-img\" data-src=\"https:\/\/www.tv2000.it\/retroscena\/wp-content\/uploads\/sites\/14\/2016\/02\/Prove-del-muscial-Il-Principe-Ranocchio-9-150x150.jpg\" data-ratio=\"1\" data-height=\"150\" data-width=\"150\" aria-label=\"\">\n                            <\/a>\n                    <a href=\"https:\/\/www.tv2000.it\/retroscena\/wp-content\/uploads\/sites\/14\/2016\/02\/Prove-del-muscial-Il-Principe-Ranocchio-15-576x1024.jpg\" data-rel=\"rgg\" rel=\"rgg\" title=\"Il Principe Ranocchio(Frog)\" class=\"rgg-disabled size-thumbnail rgg-img\" data-src=\"https:\/\/www.tv2000.it\/retroscena\/wp-content\/uploads\/sites\/14\/2016\/02\/Prove-del-muscial-Il-Principe-Ranocchio-15-150x150.jpg\" data-ratio=\"1\" data-height=\"150\" data-width=\"150\" aria-label=\"\">\n                            <\/a>\n                    <a href=\"https:\/\/www.tv2000.it\/retroscena\/wp-content\/uploads\/sites\/14\/2016\/02\/Prove-del-muscial-Il-Principe-Ranocchio-10-576x1024.jpg\" data-rel=\"rgg\" rel=\"rgg\" title=\"\" class=\"rgg-disabled size-thumbnail rgg-img\" data-src=\"https:\/\/www.tv2000.it\/retroscena\/wp-content\/uploads\/sites\/14\/2016\/02\/Prove-del-muscial-Il-Principe-Ranocchio-10-150x150.jpg\" data-ratio=\"1\" data-height=\"150\" data-width=\"150\" aria-label=\"\">\n                            <\/a>\n                    <a href=\"https:\/\/www.tv2000.it\/retroscena\/wp-content\/uploads\/sites\/14\/2016\/02\/Prove-del-muscial-Il-Principe-Ranocchio-20-1024x666.jpg\" data-rel=\"rgg\" rel=\"rgg\" title=\"Riprese del bacio tra la La Principessa Lilian e il Principe Ranocchio\" class=\"rgg-disabled size-thumbnail rgg-img\" data-src=\"https:\/\/www.tv2000.it\/retroscena\/wp-content\/uploads\/sites\/14\/2016\/02\/Prove-del-muscial-Il-Principe-Ranocchio-20-150x150.jpg\" data-ratio=\"1\" data-height=\"150\" data-width=\"150\" aria-label=\"\">\n                            <\/a>\n                    <a href=\"https:\/\/www.tv2000.it\/retroscena\/wp-content\/uploads\/sites\/14\/2016\/02\/Prove-del-muscial-Il-Principe-Ranocchio-12-1024x668.jpg\" data-rel=\"rgg\" rel=\"rgg\" title=\"Riprese delle prove del musical &quot;Il Principe Ranocchio&quot;\" class=\"rgg-disabled size-thumbnail rgg-img\" data-src=\"https:\/\/www.tv2000.it\/retroscena\/wp-content\/uploads\/sites\/14\/2016\/02\/Prove-del-muscial-Il-Principe-Ranocchio-12-150x150.jpg\" data-ratio=\"1\" data-height=\"150\" data-width=\"150\" aria-label=\"\">\n                            <\/a>\n                    <a href=\"https:\/\/www.tv2000.it\/retroscena\/wp-content\/uploads\/sites\/14\/2016\/02\/Prove-del-muscial-Il-Principe-Ranocchio-14-1024x672.jpg\" data-rel=\"rgg\" rel=\"rgg\" title=\"Prove del musical &quot;Il Principe Ranocchio&quot;\" class=\"rgg-disabled size-thumbnail rgg-img\" data-src=\"https:\/\/www.tv2000.it\/retroscena\/wp-content\/uploads\/sites\/14\/2016\/02\/Prove-del-muscial-Il-Principe-Ranocchio-14-150x150.jpg\" data-ratio=\"1\" data-height=\"150\" data-width=\"150\" aria-label=\"\">\n                            <\/a>\n                    <a href=\"https:\/\/www.tv2000.it\/retroscena\/wp-content\/uploads\/sites\/14\/2016\/02\/Prove-del-muscial-Il-Principe-Ranocchio-16-1024x576.jpg\" data-rel=\"rgg\" rel=\"rgg\" title=\"Il bacio tra la La Principessa Lilian e il Principe Ranocchio\" class=\"rgg-disabled size-thumbnail rgg-img\" data-src=\"https:\/\/www.tv2000.it\/retroscena\/wp-content\/uploads\/sites\/14\/2016\/02\/Prove-del-muscial-Il-Principe-Ranocchio-16-150x150.jpg\" data-ratio=\"1\" data-height=\"150\" data-width=\"150\" aria-label=\"\">\n                            <\/a>\n                    <a href=\"https:\/\/www.tv2000.it\/retroscena\/wp-content\/uploads\/sites\/14\/2016\/02\/Prove-del-muscial-Il-Principe-Ranocchio-17-1024x774.jpg\" data-rel=\"rgg\" rel=\"rgg\" title=\"Michele Sciancalepore , la troupe di TV2000 e alcuni attori del musical &quot; Il Principe Ranocchio&quot; guardano le scene appena girate\" class=\"rgg-disabled size-thumbnail rgg-img\" data-src=\"https:\/\/www.tv2000.it\/retroscena\/wp-content\/uploads\/sites\/14\/2016\/02\/Prove-del-muscial-Il-Principe-Ranocchio-17-150x150.jpg\" data-ratio=\"1\" data-height=\"150\" data-width=\"150\" aria-label=\"\">\n                            <\/a>\n                    <a href=\"https:\/\/www.tv2000.it\/retroscena\/wp-content\/uploads\/sites\/14\/2016\/02\/Prove-del-muscial-Il-Principe-Ranocchio-18-1024x768.jpg\" data-rel=\"rgg\" rel=\"rgg\" title=\"Elena Cascelli ( La Principessa Lilian) durante le prove in sala di registrazione\" class=\"rgg-disabled size-thumbnail rgg-img\" data-src=\"https:\/\/www.tv2000.it\/retroscena\/wp-content\/uploads\/sites\/14\/2016\/02\/Prove-del-muscial-Il-Principe-Ranocchio-18-150x150.jpg\" data-ratio=\"1\" data-height=\"150\" data-width=\"150\" aria-label=\"\">\n                            <\/a>\n                    <a href=\"https:\/\/www.tv2000.it\/retroscena\/wp-content\/uploads\/sites\/14\/2016\/02\/Prove-del-muscial-Il-Principe-Ranocchio-22-1024x768.jpg\" data-rel=\"rgg\" rel=\"rgg\" title=\"Stefano Lori in sala registrazioe\" class=\"rgg-disabled size-thumbnail rgg-img\" data-src=\"https:\/\/www.tv2000.it\/retroscena\/wp-content\/uploads\/sites\/14\/2016\/02\/Prove-del-muscial-Il-Principe-Ranocchio-22-150x150.jpg\" data-ratio=\"1\" data-height=\"150\" data-width=\"150\" aria-label=\"\">\n                            <\/a>\n                    <a href=\"https:\/\/www.tv2000.it\/retroscena\/wp-content\/uploads\/sites\/14\/2016\/02\/Prove-del-muscial-Il-Principe-Ranocchio-13-1024x768.jpg\" data-rel=\"rgg\" rel=\"rgg\" title=\"\" class=\"rgg-disabled size-thumbnail rgg-img\" data-src=\"https:\/\/www.tv2000.it\/retroscena\/wp-content\/uploads\/sites\/14\/2016\/02\/Prove-del-muscial-Il-Principe-Ranocchio-13-150x150.jpg\" data-ratio=\"1\" data-height=\"150\" data-width=\"150\" aria-label=\"\">\n                            <\/a>\n                    <a href=\"https:\/\/www.tv2000.it\/retroscena\/wp-content\/uploads\/sites\/14\/2016\/02\/Prove-del-muscial-Il-Principe-Ranocchio-19-1024x576.jpg\" data-rel=\"rgg\" rel=\"rgg\" title=\" Melina Pellicano Stefano Lori  Chiara\" class=\"rgg-disabled size-thumbnail rgg-img\" data-src=\"https:\/\/www.tv2000.it\/retroscena\/wp-content\/uploads\/sites\/14\/2016\/02\/Prove-del-muscial-Il-Principe-Ranocchio-19-150x150.jpg\" data-ratio=\"1\" data-height=\"150\" data-width=\"150\" aria-label=\"\">\n                            <\/a>\n                    <a href=\"https:\/\/www.tv2000.it\/retroscena\/wp-content\/uploads\/sites\/14\/2016\/02\/Prove-del-muscial-Il-Principe-Ranocchio-21-768x1024.jpg\" data-rel=\"rgg\" rel=\"rgg\" title=\"Michele Sciancalepore \" class=\"rgg-disabled size-thumbnail rgg-img\" data-src=\"https:\/\/www.tv2000.it\/retroscena\/wp-content\/uploads\/sites\/14\/2016\/02\/Prove-del-muscial-Il-Principe-Ranocchio-21-150x150.jpg\" data-ratio=\"1\" data-height=\"150\" data-width=\"150\" aria-label=\"\">\n                            <\/a>\n                    <a href=\"https:\/\/www.tv2000.it\/retroscena\/wp-content\/uploads\/sites\/14\/2016\/02\/Prove-del-muscial-Il-Principe-Ranocchio-8-1024x768.jpg\" data-rel=\"rgg\" rel=\"rgg\" title=\" Melina Pellicano, ideatrice del libretto dello spettacolo, Stefano Lori,arrangiatore musiche,  Chiara Marro, produzione\" class=\"rgg-disabled size-thumbnail rgg-img\" data-src=\"https:\/\/www.tv2000.it\/retroscena\/wp-content\/uploads\/sites\/14\/2016\/02\/Prove-del-muscial-Il-Principe-Ranocchio-8-150x150.jpg\" data-ratio=\"1\" data-height=\"150\" data-width=\"150\" aria-label=\"\">\n                            <\/a>\n            <\/div>\n<\/div>\n","protected":false},"excerpt":{"rendered":"\u201cIl Principe Ranocchio\u201d vuole dimostrare come un prodotto tutto italiano possa avere il suo prestigio anche su un piano internazionale, cos\u00ec come l\u2019Opera ci ha confermato per secoli. Il musical, liberamente tratto dalla fiaba dei fratelli Grimm, con la regia e il libretto di Melina Pellicano, fin dalla prima scena, appassioner\u00e0 piccoli e grandi e [&hellip;]","protected":false},"author":32,"featured_media":750,"comment_status":"open","ping_status":"open","sticky":false,"template":"","format":"standard","meta":{"_acf_changed":false,"footnotes":""},"categories":[125],"tags":[126],"class_list":["post-742","post","type-post","status-publish","format-standard","has-post-thumbnail","hentry","category-blog","tag-sciancalepore"],"acf":[],"aioseo_notices":[],"featured_image_url":"https:\/\/www.tv2000.it\/retroscena\/wp-content\/uploads\/sites\/14\/2016\/02\/Prove-del-muscial-Il-Principe-Ranocchio-7-1024x576.jpg","_links":{"self":[{"href":"https:\/\/www.tv2000.it\/retroscena\/wp-json\/wp\/v2\/posts\/742","targetHints":{"allow":["GET"]}}],"collection":[{"href":"https:\/\/www.tv2000.it\/retroscena\/wp-json\/wp\/v2\/posts"}],"about":[{"href":"https:\/\/www.tv2000.it\/retroscena\/wp-json\/wp\/v2\/types\/post"}],"author":[{"embeddable":true,"href":"https:\/\/www.tv2000.it\/retroscena\/wp-json\/wp\/v2\/users\/32"}],"replies":[{"embeddable":true,"href":"https:\/\/www.tv2000.it\/retroscena\/wp-json\/wp\/v2\/comments?post=742"}],"version-history":[{"count":8,"href":"https:\/\/www.tv2000.it\/retroscena\/wp-json\/wp\/v2\/posts\/742\/revisions"}],"predecessor-version":[{"id":876,"href":"https:\/\/www.tv2000.it\/retroscena\/wp-json\/wp\/v2\/posts\/742\/revisions\/876"}],"wp:featuredmedia":[{"embeddable":true,"href":"https:\/\/www.tv2000.it\/retroscena\/wp-json\/wp\/v2\/media\/750"}],"wp:attachment":[{"href":"https:\/\/www.tv2000.it\/retroscena\/wp-json\/wp\/v2\/media?parent=742"}],"wp:term":[{"taxonomy":"category","embeddable":true,"href":"https:\/\/www.tv2000.it\/retroscena\/wp-json\/wp\/v2\/categories?post=742"},{"taxonomy":"post_tag","embeddable":true,"href":"https:\/\/www.tv2000.it\/retroscena\/wp-json\/wp\/v2\/tags?post=742"}],"curies":[{"name":"wp","href":"https:\/\/api.w.org\/{rel}","templated":true}]}}