{"id":969,"date":"2016-04-05T17:14:07","date_gmt":"2016-04-05T15:14:07","guid":{"rendered":"http:\/\/www.tv2000.it\/retroscena\/?p=969"},"modified":"2016-04-05T17:16:04","modified_gmt":"2016-04-05T15:16:04","slug":"gabriele-lavia-e-barbara-de-rossi-a-retroscena-il-12-14-e-18-aprile","status":"publish","type":"post","link":"https:\/\/www.tv2000.it\/retroscena\/2016\/04\/05\/gabriele-lavia-e-barbara-de-rossi-a-retroscena-il-12-14-e-18-aprile\/","title":{"rendered":"Gabriele Lavia e Barbara De Rossi a Retroscena il 12, 14 e 18 aprile"},"content":{"rendered":"<p><strong>Gabriele Lavia<\/strong> e <strong>Barbara De Rossi<\/strong> sono i protagonisti del 26mo appuntamento di \u201cRetroscena \u2013 i segreti del teatro\u201d alle prese, in spettacoli diversi, con la figura tragica di <strong>Medea<\/strong>, icona di \u201cmadre assassina\u201d ma anche di \u201cmoglie tradita\u201d e di \u201cstraniera ripudiata\u201d.<br \/>\n<iframe src=\"https:\/\/www.youtube.com\/embed\/B-czJVaKhuo?rel=0&amp;showinfo=0\" width=\"640\" height=\"360\" frameborder=\"0\" allowfullscreen=\"allowfullscreen\"><\/iframe><\/p>\n<p>Anche questa volta non potevamo mancare all\u2019appuntamento con uno degli ultimi maestri della scena teatrale italiana e vivere un\u2019intera giornata insieme a <strong>Gabriele Lavia<\/strong> durante le prove della \u2018sua\u2019 <strong>Medea<\/strong> di <strong>Euripide. <\/strong>Attraverso una sequenza vibrante e affascinante vi proporremo i momenti pi\u00f9 significativi ed emozionanti ripresi dall\u2019occhio attento delle telecamere di \u201cRetroscena\u201d. Tra aneddoti personali e svelamenti esistenziali il reportage si svilupper\u00e0 fino a raccontare l\u2019idea di teatro di Gabriele Lavia e gli innesti che esso crea con la vita. Osserveremo quindi come le prove siano un vero e proprio \u201ctour de force\u201d emotivo e come &#8211; nonostante il procedere graduale &#8211; siano sempre un crescendo.<\/p>\n<p>Il viaggio nei segreti della creazione di questa settimana prosegue\u00a0 con una versione ulteriore del grande classico tragico, riscritta in una chiave di lettura inedita dall\u2019autore francese <strong>Jean Anouilh<\/strong> e incarnata sulla scena da un\u2019intensa e matura \u00a0<strong>Barbara De Rossi<\/strong>, per la regia di Francesco Branchetti. Un ruolo che la De Rossi\u00a0 affronta per la prima volta nella sua carriera di attrice, il cui nome contiene uno dei possibili sensi della tragedia di <strong>Medea<\/strong>, come a sancire un incontro inevitabile con la possanza tragica della figura: selvaggia nella sua potenza passionale e devastatrice; disumana e per questo esule, esclusa, reietta\u2026appunto barbara.<\/p>\n<p><strong>Retroscena \u2013 i segreti del teatro, viaggi nelle {cre}azioni. Un programma di Michele Sciancalepore, in onda luned\u00ec, marted\u00ec e gioved\u00ec in seconda serata prima del Rosario\u00a0 su TV2000 (Canale 140 SKY, canale 28 digitale terrestre, canale 18 di tiv\u00f9sat).<\/strong><\/p>\n","protected":false},"excerpt":{"rendered":"Gabriele Lavia e Barbara De Rossi sono i protagonisti del 26mo appuntamento di \u201cRetroscena \u2013 i segreti del teatro\u201d alle prese, in spettacoli diversi, con la figura tragica di Medea, icona di \u201cmadre assassina\u201d ma anche di \u201cmoglie tradita\u201d e di \u201cstraniera ripudiata\u201d. Anche questa volta non potevamo mancare all\u2019appuntamento con uno degli ultimi maestri [&hellip;]","protected":false},"author":9,"featured_media":970,"comment_status":"open","ping_status":"open","sticky":false,"template":"","format":"standard","meta":{"_acf_changed":false,"footnotes":""},"categories":[6],"tags":[196,45],"class_list":["post-969","post","type-post","status-publish","format-standard","has-post-thumbnail","hentry","category-prossimamente","tag-barbara-de-rossi","tag-gabriele-lavia"],"acf":[],"aioseo_notices":[],"featured_image_url":"https:\/\/www.tv2000.it\/retroscena\/wp-content\/uploads\/sites\/14\/2016\/04\/laviasito2.jpg","_links":{"self":[{"href":"https:\/\/www.tv2000.it\/retroscena\/wp-json\/wp\/v2\/posts\/969","targetHints":{"allow":["GET"]}}],"collection":[{"href":"https:\/\/www.tv2000.it\/retroscena\/wp-json\/wp\/v2\/posts"}],"about":[{"href":"https:\/\/www.tv2000.it\/retroscena\/wp-json\/wp\/v2\/types\/post"}],"author":[{"embeddable":true,"href":"https:\/\/www.tv2000.it\/retroscena\/wp-json\/wp\/v2\/users\/9"}],"replies":[{"embeddable":true,"href":"https:\/\/www.tv2000.it\/retroscena\/wp-json\/wp\/v2\/comments?post=969"}],"version-history":[{"count":3,"href":"https:\/\/www.tv2000.it\/retroscena\/wp-json\/wp\/v2\/posts\/969\/revisions"}],"predecessor-version":[{"id":973,"href":"https:\/\/www.tv2000.it\/retroscena\/wp-json\/wp\/v2\/posts\/969\/revisions\/973"}],"wp:featuredmedia":[{"embeddable":true,"href":"https:\/\/www.tv2000.it\/retroscena\/wp-json\/wp\/v2\/media\/970"}],"wp:attachment":[{"href":"https:\/\/www.tv2000.it\/retroscena\/wp-json\/wp\/v2\/media?parent=969"}],"wp:term":[{"taxonomy":"category","embeddable":true,"href":"https:\/\/www.tv2000.it\/retroscena\/wp-json\/wp\/v2\/categories?post=969"},{"taxonomy":"post_tag","embeddable":true,"href":"https:\/\/www.tv2000.it\/retroscena\/wp-json\/wp\/v2\/tags?post=969"}],"curies":[{"name":"wp","href":"https:\/\/api.w.org\/{rel}","templated":true}]}}