{"id":16298,"date":"2020-03-30T12:10:59","date_gmt":"2020-03-30T10:10:59","guid":{"rendered":"http:\/\/www.tv2000.it\/siamonoi\/?p=16298"},"modified":"2020-03-30T16:21:26","modified_gmt":"2020-03-30T14:21:26","slug":"31-marzo-coronavirus-crisi-sanitaria-o-minaccia-per-leconomia","status":"publish","type":"post","link":"https:\/\/www.tv2000.it\/siamonoi\/2020\/03\/30\/31-marzo-coronavirus-crisi-sanitaria-o-minaccia-per-leconomia\/","title":{"rendered":"31 marzo \u2013 Coronavirus:<br> crisi sanitaria o minaccia per l&#8217;economia?"},"content":{"rendered":"<p><a href=\"https:\/\/www.tv2000.it\/siamonoi\/wp-content\/uploads\/sites\/11\/2020\/03\/office-594132_1920.jpg\"><img decoding=\"async\" src=\"https:\/\/www.tv2000.it\/siamonoi\/wp-content\/uploads\/sites\/11\/2020\/03\/office-594132_1920-300x200.jpg\" alt=\"\" width=\"300\" height=\"200\" class=\"alignnone size-medium wp-image-16299\" srcset=\"https:\/\/www.tv2000.it\/siamonoi\/wp-content\/uploads\/sites\/11\/2020\/03\/office-594132_1920-300x200.jpg 300w, https:\/\/www.tv2000.it\/siamonoi\/wp-content\/uploads\/sites\/11\/2020\/03\/office-594132_1920-768x512.jpg 768w, https:\/\/www.tv2000.it\/siamonoi\/wp-content\/uploads\/sites\/11\/2020\/03\/office-594132_1920-1024x683.jpg 1024w, https:\/\/www.tv2000.it\/siamonoi\/wp-content\/uploads\/sites\/11\/2020\/03\/office-594132_1920-41x27.jpg 41w, https:\/\/www.tv2000.it\/siamonoi\/wp-content\/uploads\/sites\/11\/2020\/03\/office-594132_1920-280x187.jpg 280w, https:\/\/www.tv2000.it\/siamonoi\/wp-content\/uploads\/sites\/11\/2020\/03\/office-594132_1920-650x433.jpg 650w, https:\/\/www.tv2000.it\/siamonoi\/wp-content\/uploads\/sites\/11\/2020\/03\/office-594132_1920.jpg 1920w\" sizes=\"(max-width: 300px) 100vw, 300px\" \/><\/a><br \/>\nL\u2019emergenza coronavirus sta cambiando rapidamente condizioni sanitarie, abitudini di vita, relazioni sociali e attivit\u00e0 economiche. La crisi sanitaria infatti ha causato importanti difficolt\u00e0 all&#8217;economia del Paese e a pagare sono state soprattutto le piccole e medie imprese. Come cambier\u00e0 il mondo del lavoro? Intervengono a Siamo Noi: Andrea Doneg\u00e0, Segretario Generale della Fim Cisl Lombardia; Enrico Carraro, presidente Confindustria Veneto; Anna Jos\u00e8, parrucchiera a Codogno; Luca D\u2019Arpa, imprenditore; Leonardo Becchetti, economista. <\/p>\n","protected":false},"excerpt":{"rendered":"L\u2019emergenza coronavirus sta cambiando rapidamente condizioni sanitarie, abitudini di vita, relazioni sociali e attivit\u00e0 economiche. La crisi sanitaria infatti ha causato importanti difficolt\u00e0 all&#8217;economia del Paese e a pagare sono state soprattutto le piccole e medie imprese. Come cambier\u00e0 il mondo del lavoro? Intervengono a Siamo Noi: Andrea Doneg\u00e0, Segretario Generale della Fim Cisl Lombardia; [&hellip;]","protected":false},"author":49,"featured_media":16299,"comment_status":"open","ping_status":"open","sticky":false,"template":"","format":"standard","meta":{"_acf_changed":false,"footnotes":""},"categories":[1701],"tags":[2519,2521,2402,2523,2524,2525,2520,56,2522,1240],"class_list":["post-16298","post","type-post","status-publish","format-standard","has-post-thumbnail","hentry","category-argomenti","tag-31-marzo","tag-bentivogli-tv2000","tag-coronavirus","tag-coronavirus-lavoro","tag-crisi-economica-coronavirus","tag-economia-tv2000","tag-fim-cisl","tag-lavoro","tag-lavoro-tv2000","tag-marco-bentivogli"],"acf":[],"aioseo_notices":[],"featured_image_url":"https:\/\/www.tv2000.it\/siamonoi\/wp-content\/uploads\/sites\/11\/2020\/03\/office-594132_1920-1024x683.jpg","_links":{"self":[{"href":"https:\/\/www.tv2000.it\/siamonoi\/wp-json\/wp\/v2\/posts\/16298","targetHints":{"allow":["GET"]}}],"collection":[{"href":"https:\/\/www.tv2000.it\/siamonoi\/wp-json\/wp\/v2\/posts"}],"about":[{"href":"https:\/\/www.tv2000.it\/siamonoi\/wp-json\/wp\/v2\/types\/post"}],"author":[{"embeddable":true,"href":"https:\/\/www.tv2000.it\/siamonoi\/wp-json\/wp\/v2\/users\/49"}],"replies":[{"embeddable":true,"href":"https:\/\/www.tv2000.it\/siamonoi\/wp-json\/wp\/v2\/comments?post=16298"}],"version-history":[{"count":3,"href":"https:\/\/www.tv2000.it\/siamonoi\/wp-json\/wp\/v2\/posts\/16298\/revisions"}],"predecessor-version":[{"id":16316,"href":"https:\/\/www.tv2000.it\/siamonoi\/wp-json\/wp\/v2\/posts\/16298\/revisions\/16316"}],"wp:featuredmedia":[{"embeddable":true,"href":"https:\/\/www.tv2000.it\/siamonoi\/wp-json\/wp\/v2\/media\/16299"}],"wp:attachment":[{"href":"https:\/\/www.tv2000.it\/siamonoi\/wp-json\/wp\/v2\/media?parent=16298"}],"wp:term":[{"taxonomy":"category","embeddable":true,"href":"https:\/\/www.tv2000.it\/siamonoi\/wp-json\/wp\/v2\/categories?post=16298"},{"taxonomy":"post_tag","embeddable":true,"href":"https:\/\/www.tv2000.it\/siamonoi\/wp-json\/wp\/v2\/tags?post=16298"}],"curies":[{"name":"wp","href":"https:\/\/api.w.org\/{rel}","templated":true}]}}