{"id":16417,"date":"2020-04-23T11:24:34","date_gmt":"2020-04-23T09:24:34","guid":{"rendered":"http:\/\/www.tv2000.it\/siamonoi\/?p=16417"},"modified":"2020-04-23T13:29:08","modified_gmt":"2020-04-23T11:29:08","slug":"24-aprile-festa-della-liberazione-la-campagna-della-solidarieta","status":"publish","type":"post","link":"https:\/\/www.tv2000.it\/siamonoi\/2020\/04\/23\/24-aprile-festa-della-liberazione-la-campagna-della-solidarieta\/","title":{"rendered":"24 aprile \u2013 Festa della Liberazione, la campagna della solidariet\u00e0"},"content":{"rendered":"<p><a href=\"https:\/\/www.tv2000.it\/siamonoi\/wp-content\/uploads\/sites\/11\/2020\/04\/bandiera-italiana.jpg\"><img decoding=\"async\" src=\"https:\/\/www.tv2000.it\/siamonoi\/wp-content\/uploads\/sites\/11\/2020\/04\/bandiera-italiana-300x225.jpg\" alt=\"\" width=\"300\" height=\"225\" class=\"alignnone size-medium wp-image-16418\" srcset=\"https:\/\/www.tv2000.it\/siamonoi\/wp-content\/uploads\/sites\/11\/2020\/04\/bandiera-italiana-300x225.jpg 300w, https:\/\/www.tv2000.it\/siamonoi\/wp-content\/uploads\/sites\/11\/2020\/04\/bandiera-italiana-768x576.jpg 768w, https:\/\/www.tv2000.it\/siamonoi\/wp-content\/uploads\/sites\/11\/2020\/04\/bandiera-italiana-36x27.jpg 36w, https:\/\/www.tv2000.it\/siamonoi\/wp-content\/uploads\/sites\/11\/2020\/04\/bandiera-italiana-280x210.jpg 280w, https:\/\/www.tv2000.it\/siamonoi\/wp-content\/uploads\/sites\/11\/2020\/04\/bandiera-italiana-650x488.jpg 650w, https:\/\/www.tv2000.it\/siamonoi\/wp-content\/uploads\/sites\/11\/2020\/04\/bandiera-italiana-600x450.jpg 600w, https:\/\/www.tv2000.it\/siamonoi\/wp-content\/uploads\/sites\/11\/2020\/04\/bandiera-italiana.jpg 800w\" sizes=\"(max-width: 300px) 100vw, 300px\" \/><\/a><br \/>\nFesteggiare l\u2019anniversario della Liberazione \u00e8, in questa emergenza da coronavirus, esigenza ancor pi\u00f9 sentita. Per questo Carlo Petrini, presidente di Slow Food, ha lanciato un appello a tutti i cittadini perch\u00e9 si ritrovino sabato 25 aprile in una piazza virtuale in un incontro volto alla solidariet\u00e0. Croce Rossa e Caritas sono i due organismi cui verr\u00e0 versato il frutto della raccolta fondi promossa sulla piattaforma 25aprile2020.it. Per celebrare il 25 aprile a Siamo Noi, programma pomeridiano di Tv2000 in diretta alle 15.20, una puntata speciale con: Carlin Petrini, presidente di Slow Food; Tiziana Ferrario, giornalista; Mauro Magatti,sociologo e scrittore; Grazia Francescato, ambientalista; Moni Ovadia, autore teatrale; Sara Diena, componente del movimento Fridays for Future; Suor Giuliana Galli, presidente dell&#8217;Associazione Mamre Onlus; Don Virginio Colmegna, presidente della Fondazione Casa della Carit\u00e0; Don Gino Rigoldi, cappellano dell\u2019istituto penale per minori Beccaria di Milano, educatore e \u00a0animatore della fondazione Don Gino Rigoldi; Don Antonio Mazzi, presidente della Fondazione Exodus.<\/p>\n","protected":false},"excerpt":{"rendered":"Festeggiare l\u2019anniversario della Liberazione \u00e8, in questa emergenza da coronavirus, esigenza ancor pi\u00f9 sentita. Per questo Carlo Petrini, presidente di Slow Food, ha lanciato un appello a tutti i cittadini perch\u00e9 si ritrovino sabato 25 aprile in una piazza virtuale in un incontro volto alla solidariet\u00e0. Croce Rossa e Caritas sono i due organismi cui [&hellip;]","protected":false},"author":49,"featured_media":16418,"comment_status":"open","ping_status":"open","sticky":false,"template":"","format":"standard","meta":{"_acf_changed":false,"footnotes":""},"categories":[1701],"tags":[94,59,2557,2402,2487,1774,2556,2558,87,1061,1735,496,71],"class_list":["post-16417","post","type-post","status-publish","format-standard","has-post-thumbnail","hentry","category-argomenti","tag-25-aprile","tag-ambiente","tag-carlin-petrini","tag-coronavirus","tag-covid19","tag-don-mazzi","tag-festa-della-liberazione","tag-fridays-for-future","tag-liberazione","tag-moni-ovadia","tag-siamonoitv2000","tag-tiziana-ferrario","tag-tv2000"],"acf":[],"aioseo_notices":[],"featured_image_url":"https:\/\/www.tv2000.it\/siamonoi\/wp-content\/uploads\/sites\/11\/2020\/04\/bandiera-italiana.jpg","_links":{"self":[{"href":"https:\/\/www.tv2000.it\/siamonoi\/wp-json\/wp\/v2\/posts\/16417","targetHints":{"allow":["GET"]}}],"collection":[{"href":"https:\/\/www.tv2000.it\/siamonoi\/wp-json\/wp\/v2\/posts"}],"about":[{"href":"https:\/\/www.tv2000.it\/siamonoi\/wp-json\/wp\/v2\/types\/post"}],"author":[{"embeddable":true,"href":"https:\/\/www.tv2000.it\/siamonoi\/wp-json\/wp\/v2\/users\/49"}],"replies":[{"embeddable":true,"href":"https:\/\/www.tv2000.it\/siamonoi\/wp-json\/wp\/v2\/comments?post=16417"}],"version-history":[{"count":5,"href":"https:\/\/www.tv2000.it\/siamonoi\/wp-json\/wp\/v2\/posts\/16417\/revisions"}],"predecessor-version":[{"id":16424,"href":"https:\/\/www.tv2000.it\/siamonoi\/wp-json\/wp\/v2\/posts\/16417\/revisions\/16424"}],"wp:featuredmedia":[{"embeddable":true,"href":"https:\/\/www.tv2000.it\/siamonoi\/wp-json\/wp\/v2\/media\/16418"}],"wp:attachment":[{"href":"https:\/\/www.tv2000.it\/siamonoi\/wp-json\/wp\/v2\/media?parent=16417"}],"wp:term":[{"taxonomy":"category","embeddable":true,"href":"https:\/\/www.tv2000.it\/siamonoi\/wp-json\/wp\/v2\/categories?post=16417"},{"taxonomy":"post_tag","embeddable":true,"href":"https:\/\/www.tv2000.it\/siamonoi\/wp-json\/wp\/v2\/tags?post=16417"}],"curies":[{"name":"wp","href":"https:\/\/api.w.org\/{rel}","templated":true}]}}