{"id":16429,"date":"2020-04-27T11:58:21","date_gmt":"2020-04-27T09:58:21","guid":{"rendered":"http:\/\/www.tv2000.it\/siamonoi\/?p=16429"},"modified":"2020-04-27T11:58:21","modified_gmt":"2020-04-27T09:58:21","slug":"siamo-noi-28-aprile-test-sierologici-e-tracciamento-sanitario-saremo-tutti-sotto-osservazione","status":"publish","type":"post","link":"https:\/\/www.tv2000.it\/siamonoi\/2020\/04\/27\/siamo-noi-28-aprile-test-sierologici-e-tracciamento-sanitario-saremo-tutti-sotto-osservazione\/","title":{"rendered":"Siamo Noi 28 aprile \u2013 Test sierologici e tracciamento sanitario. Saremo tutti sotto osservazione?"},"content":{"rendered":"<p><a href=\"https:\/\/www.tv2000.it\/siamonoi\/wp-content\/uploads\/sites\/11\/2020\/04\/33.png\"><img decoding=\"async\" src=\"https:\/\/www.tv2000.it\/siamonoi\/wp-content\/uploads\/sites\/11\/2020\/04\/33-300x150.png\" alt=\"\" width=\"300\" height=\"150\" class=\"alignnone size-medium wp-image-16430\" srcset=\"https:\/\/www.tv2000.it\/siamonoi\/wp-content\/uploads\/sites\/11\/2020\/04\/33-300x150.png 300w, https:\/\/www.tv2000.it\/siamonoi\/wp-content\/uploads\/sites\/11\/2020\/04\/33-768x384.png 768w, https:\/\/www.tv2000.it\/siamonoi\/wp-content\/uploads\/sites\/11\/2020\/04\/33.png 1024w, https:\/\/www.tv2000.it\/siamonoi\/wp-content\/uploads\/sites\/11\/2020\/04\/33-54x27.png 54w, https:\/\/www.tv2000.it\/siamonoi\/wp-content\/uploads\/sites\/11\/2020\/04\/33-280x140.png 280w, https:\/\/www.tv2000.it\/siamonoi\/wp-content\/uploads\/sites\/11\/2020\/04\/33-650x325.png 650w\" sizes=\"(max-width: 300px) 100vw, 300px\" \/><\/a><br \/>\nLa Fase due \u00e8 alle porte e il governo ha messo in campo diverse misure per scongiurare una seconda ondata epidemica di Covid-19. Tra queste spicca l&#8217;attivit\u00e0 di tracciamento dei contatti con l&#8217;obiettivo di monitorare nuovi possibili contagi. Come cambier\u00e0 la quotidianit\u00e0 degli italiani? Saremo tutti sotto osservazione? Siamo Noi, programma pomeridiano di Tv2000 in diretta alle 15.20, ne parla con: Elvira Naselli, giornalista e responsabile di Repubblica Salute; Carlo Federico Perno, virologo e direttore del direttore del dipartimento analisi chimico-cliniche e microbiologia dell\u2019Ospedale Niguarda di Milano; Padre Carlo Casalone, gesuita e membro corrispondente della Pontificia Accademia per la Vita. <\/p>\n","protected":false},"excerpt":{"rendered":"La Fase due \u00e8 alle porte e il governo ha messo in campo diverse misure per scongiurare una seconda ondata epidemica di Covid-19. Tra queste spicca l&#8217;attivit\u00e0 di tracciamento dei contatti con l&#8217;obiettivo di monitorare nuovi possibili contagi. Come cambier\u00e0 la quotidianit\u00e0 degli italiani? Saremo tutti sotto osservazione? Siamo Noi, programma pomeridiano di Tv2000 in [&hellip;]","protected":false},"author":49,"featured_media":16430,"comment_status":"open","ping_status":"open","sticky":false,"template":"","format":"standard","meta":{"_acf_changed":false,"footnotes":""},"categories":[1701],"tags":[2402,2540,2536,2559],"class_list":["post-16429","post","type-post","status-publish","format-standard","has-post-thumbnail","hentry","category-argomenti","tag-coronavirus","tag-covid-19","tag-test-sierologici","tag-tracciamento"],"acf":[],"aioseo_notices":[],"featured_image_url":"https:\/\/www.tv2000.it\/siamonoi\/wp-content\/uploads\/sites\/11\/2020\/04\/33-1024x512.png","_links":{"self":[{"href":"https:\/\/www.tv2000.it\/siamonoi\/wp-json\/wp\/v2\/posts\/16429","targetHints":{"allow":["GET"]}}],"collection":[{"href":"https:\/\/www.tv2000.it\/siamonoi\/wp-json\/wp\/v2\/posts"}],"about":[{"href":"https:\/\/www.tv2000.it\/siamonoi\/wp-json\/wp\/v2\/types\/post"}],"author":[{"embeddable":true,"href":"https:\/\/www.tv2000.it\/siamonoi\/wp-json\/wp\/v2\/users\/49"}],"replies":[{"embeddable":true,"href":"https:\/\/www.tv2000.it\/siamonoi\/wp-json\/wp\/v2\/comments?post=16429"}],"version-history":[{"count":1,"href":"https:\/\/www.tv2000.it\/siamonoi\/wp-json\/wp\/v2\/posts\/16429\/revisions"}],"predecessor-version":[{"id":16431,"href":"https:\/\/www.tv2000.it\/siamonoi\/wp-json\/wp\/v2\/posts\/16429\/revisions\/16431"}],"wp:featuredmedia":[{"embeddable":true,"href":"https:\/\/www.tv2000.it\/siamonoi\/wp-json\/wp\/v2\/media\/16430"}],"wp:attachment":[{"href":"https:\/\/www.tv2000.it\/siamonoi\/wp-json\/wp\/v2\/media?parent=16429"}],"wp:term":[{"taxonomy":"category","embeddable":true,"href":"https:\/\/www.tv2000.it\/siamonoi\/wp-json\/wp\/v2\/categories?post=16429"},{"taxonomy":"post_tag","embeddable":true,"href":"https:\/\/www.tv2000.it\/siamonoi\/wp-json\/wp\/v2\/tags?post=16429"}],"curies":[{"name":"wp","href":"https:\/\/api.w.org\/{rel}","templated":true}]}}