{"id":16532,"date":"2020-05-20T16:57:14","date_gmt":"2020-05-20T14:57:14","guid":{"rendered":"http:\/\/www.tv2000.it\/siamonoi\/?p=16532"},"modified":"2020-05-20T17:11:44","modified_gmt":"2020-05-20T15:11:44","slug":"21-maggio-emergenza-coronavirus-come-ne-usciranno-i-ragazzi","status":"publish","type":"post","link":"https:\/\/www.tv2000.it\/siamonoi\/2020\/05\/20\/21-maggio-emergenza-coronavirus-come-ne-usciranno-i-ragazzi\/","title":{"rendered":"21 maggio \u2013 Emergenza coronavirus, come ne usciranno i ragazzi?"},"content":{"rendered":"<p><a href=\"https:\/\/www.tv2000.it\/siamonoi\/wp-content\/uploads\/sites\/11\/2020\/05\/child-865116_1920.jpg\"><img decoding=\"async\" src=\"https:\/\/www.tv2000.it\/siamonoi\/wp-content\/uploads\/sites\/11\/2020\/05\/child-865116_1920-300x200.jpg\" alt=\"\" width=\"300\" height=\"200\" class=\"alignnone size-medium wp-image-16533\" srcset=\"https:\/\/www.tv2000.it\/siamonoi\/wp-content\/uploads\/sites\/11\/2020\/05\/child-865116_1920-300x200.jpg 300w, https:\/\/www.tv2000.it\/siamonoi\/wp-content\/uploads\/sites\/11\/2020\/05\/child-865116_1920-768x512.jpg 768w, https:\/\/www.tv2000.it\/siamonoi\/wp-content\/uploads\/sites\/11\/2020\/05\/child-865116_1920-1024x683.jpg 1024w, https:\/\/www.tv2000.it\/siamonoi\/wp-content\/uploads\/sites\/11\/2020\/05\/child-865116_1920-41x27.jpg 41w, https:\/\/www.tv2000.it\/siamonoi\/wp-content\/uploads\/sites\/11\/2020\/05\/child-865116_1920-280x187.jpg 280w, https:\/\/www.tv2000.it\/siamonoi\/wp-content\/uploads\/sites\/11\/2020\/05\/child-865116_1920-650x433.jpg 650w, https:\/\/www.tv2000.it\/siamonoi\/wp-content\/uploads\/sites\/11\/2020\/05\/child-865116_1920.jpg 1920w\" sizes=\"(max-width: 300px) 100vw, 300px\" \/><\/a><br \/>\nSebbene siano ripartite le attivit\u00e0 commerciali, \u00e8 rimasta invariata la necessit\u00e0 dei genitori di gestire i figli. Insomma, in questa Fase due le esigenze dei bambini sembrano esser state dimenticate. Che impatto avr\u00e0 il distanziamento fisico sulla vita dei ragazzi? Quali conseguenze psicologiche? Siamo Noi, programma pomeridiano di Tv2000 in diretta alle 15.20 ne parla con: Elena Bozzola, Pediatra ed esperta di Malattie Infettive dell\u2019Ospedale Bambino Ges\u00f9 e Segretario Nazionale della Societ\u00e0 italiana di Pediatria; Clauda De Lillo, giornalista e scrittrice; Eraldo Affinati, scrittore; Carlo Borgomeo, presidente dell&#8217;impresa sociale &#8220;Con i bambini&#8221;. <\/p>\n","protected":false},"excerpt":{"rendered":"Sebbene siano ripartite le attivit\u00e0 commerciali, \u00e8 rimasta invariata la necessit\u00e0 dei genitori di gestire i figli. Insomma, in questa Fase due le esigenze dei bambini sembrano esser state dimenticate. Che impatto avr\u00e0 il distanziamento fisico sulla vita dei ragazzi? Quali conseguenze psicologiche? Siamo Noi, programma pomeridiano di Tv2000 in diretta alle 15.20 ne parla [&hellip;]","protected":false},"author":49,"featured_media":16533,"comment_status":"open","ping_status":"open","sticky":false,"template":"","format":"standard","meta":{"_acf_changed":false,"footnotes":""},"categories":[1701],"tags":[126,2584,2402,2566,2014,1735,71],"class_list":["post-16532","post","type-post","status-publish","format-standard","has-post-thumbnail","hentry","category-argomenti","tag-bambini","tag-bambino-gesu","tag-coronavirus","tag-fase-due","tag-minori","tag-siamonoitv2000","tag-tv2000"],"acf":[],"aioseo_notices":[],"featured_image_url":"https:\/\/www.tv2000.it\/siamonoi\/wp-content\/uploads\/sites\/11\/2020\/05\/child-865116_1920-1024x683.jpg","_links":{"self":[{"href":"https:\/\/www.tv2000.it\/siamonoi\/wp-json\/wp\/v2\/posts\/16532","targetHints":{"allow":["GET"]}}],"collection":[{"href":"https:\/\/www.tv2000.it\/siamonoi\/wp-json\/wp\/v2\/posts"}],"about":[{"href":"https:\/\/www.tv2000.it\/siamonoi\/wp-json\/wp\/v2\/types\/post"}],"author":[{"embeddable":true,"href":"https:\/\/www.tv2000.it\/siamonoi\/wp-json\/wp\/v2\/users\/49"}],"replies":[{"embeddable":true,"href":"https:\/\/www.tv2000.it\/siamonoi\/wp-json\/wp\/v2\/comments?post=16532"}],"version-history":[{"count":2,"href":"https:\/\/www.tv2000.it\/siamonoi\/wp-json\/wp\/v2\/posts\/16532\/revisions"}],"predecessor-version":[{"id":16538,"href":"https:\/\/www.tv2000.it\/siamonoi\/wp-json\/wp\/v2\/posts\/16532\/revisions\/16538"}],"wp:featuredmedia":[{"embeddable":true,"href":"https:\/\/www.tv2000.it\/siamonoi\/wp-json\/wp\/v2\/media\/16533"}],"wp:attachment":[{"href":"https:\/\/www.tv2000.it\/siamonoi\/wp-json\/wp\/v2\/media?parent=16532"}],"wp:term":[{"taxonomy":"category","embeddable":true,"href":"https:\/\/www.tv2000.it\/siamonoi\/wp-json\/wp\/v2\/categories?post=16532"},{"taxonomy":"post_tag","embeddable":true,"href":"https:\/\/www.tv2000.it\/siamonoi\/wp-json\/wp\/v2\/tags?post=16532"}],"curies":[{"name":"wp","href":"https:\/\/api.w.org\/{rel}","templated":true}]}}