{"id":17095,"date":"2020-11-23T17:22:50","date_gmt":"2020-11-23T16:22:50","guid":{"rendered":"http:\/\/www.tv2000.it\/siamonoi\/?p=17095"},"modified":"2020-11-23T17:22:50","modified_gmt":"2020-11-23T16:22:50","slug":"24-novembre-la-basilica-di-san-pietro-incontro-tra-storia-arte-e-fede","status":"publish","type":"post","link":"https:\/\/www.tv2000.it\/siamonoi\/2020\/11\/23\/24-novembre-la-basilica-di-san-pietro-incontro-tra-storia-arte-e-fede\/","title":{"rendered":"24 novembre &#8211; La basilica di San Pietro: incontro tra storia, arte e fede"},"content":{"rendered":"<p><a href=\"https:\/\/www.tv2000.it\/siamonoi\/wp-content\/uploads\/sites\/11\/2020\/11\/13-cupola.jpg\"><img decoding=\"async\" src=\"https:\/\/www.tv2000.it\/siamonoi\/wp-content\/uploads\/sites\/11\/2020\/11\/13-cupola-300x203.jpg\" alt=\"\" width=\"300\" height=\"203\" class=\"alignnone size-medium wp-image-17096\" srcset=\"https:\/\/www.tv2000.it\/siamonoi\/wp-content\/uploads\/sites\/11\/2020\/11\/13-cupola-300x203.jpg 300w, https:\/\/www.tv2000.it\/siamonoi\/wp-content\/uploads\/sites\/11\/2020\/11\/13-cupola-768x519.jpg 768w, https:\/\/www.tv2000.it\/siamonoi\/wp-content\/uploads\/sites\/11\/2020\/11\/13-cupola-1024x692.jpg 1024w, https:\/\/www.tv2000.it\/siamonoi\/wp-content\/uploads\/sites\/11\/2020\/11\/13-cupola-40x27.jpg 40w, https:\/\/www.tv2000.it\/siamonoi\/wp-content\/uploads\/sites\/11\/2020\/11\/13-cupola-280x189.jpg 280w, https:\/\/www.tv2000.it\/siamonoi\/wp-content\/uploads\/sites\/11\/2020\/11\/13-cupola-650x439.jpg 650w, https:\/\/www.tv2000.it\/siamonoi\/wp-content\/uploads\/sites\/11\/2020\/11\/13-cupola.jpg 1920w\" sizes=\"(max-width: 300px) 100vw, 300px\" \/><\/a><\/p>\n<p>Quando Michelangelo Buonarroti mor\u00ec lasci\u00f2 incompiuta la Basilica di San Pietro in Vaticano e senza un progetto da seguire: ci volle oltre un secolo per portare a termine i lavori e con una solenne consacrazione, il 18 novembre 1626, ben 120 anni dopo l\u2019inizio dei lavori. Consacrata da Papa Urbano VIII, la Basilica di San Pietro \u00e8 la pi\u00f9 grande delle basiliche papali, se non addirittura la pi\u00f9 grande del mondo ed \u00e8 il simbolo culmine della religione cattolica e dello Stato del Vaticano. Siamo Noi, programma pomeridiano di Tv2000 in diretta alle 15:20, ne parla con: Rodolfo Papa, storico dell\u2019arte; Suor Rebecca Nazzaro, madre superiora delle Missionarie della Divina Rivelazione; Mauro Pallotta, street artist<\/p>\n","protected":false},"excerpt":{"rendered":"Quando Michelangelo Buonarroti mor\u00ec lasci\u00f2 incompiuta la Basilica di San Pietro in Vaticano e senza un progetto da seguire: ci volle oltre un secolo per portare a termine i lavori e con una solenne consacrazione, il 18 novembre 1626, ben 120 anni dopo l\u2019inizio dei lavori. Consacrata da Papa Urbano VIII, la Basilica di San [&hellip;]","protected":false},"author":49,"featured_media":17096,"comment_status":"open","ping_status":"open","sticky":false,"template":"","format":"standard","meta":{"_acf_changed":false,"footnotes":""},"categories":[1701],"tags":[2760,759,2759,758],"class_list":["post-17095","post","type-post","status-publish","format-standard","has-post-thumbnail","hentry","category-argomenti","tag-basilica-di-san-pietro","tag-papa-francesco","tag-san-pietro","tag-vaticano"],"acf":[],"aioseo_notices":[],"featured_image_url":"https:\/\/www.tv2000.it\/siamonoi\/wp-content\/uploads\/sites\/11\/2020\/11\/13-cupola-1024x692.jpg","_links":{"self":[{"href":"https:\/\/www.tv2000.it\/siamonoi\/wp-json\/wp\/v2\/posts\/17095","targetHints":{"allow":["GET"]}}],"collection":[{"href":"https:\/\/www.tv2000.it\/siamonoi\/wp-json\/wp\/v2\/posts"}],"about":[{"href":"https:\/\/www.tv2000.it\/siamonoi\/wp-json\/wp\/v2\/types\/post"}],"author":[{"embeddable":true,"href":"https:\/\/www.tv2000.it\/siamonoi\/wp-json\/wp\/v2\/users\/49"}],"replies":[{"embeddable":true,"href":"https:\/\/www.tv2000.it\/siamonoi\/wp-json\/wp\/v2\/comments?post=17095"}],"version-history":[{"count":1,"href":"https:\/\/www.tv2000.it\/siamonoi\/wp-json\/wp\/v2\/posts\/17095\/revisions"}],"predecessor-version":[{"id":17097,"href":"https:\/\/www.tv2000.it\/siamonoi\/wp-json\/wp\/v2\/posts\/17095\/revisions\/17097"}],"wp:featuredmedia":[{"embeddable":true,"href":"https:\/\/www.tv2000.it\/siamonoi\/wp-json\/wp\/v2\/media\/17096"}],"wp:attachment":[{"href":"https:\/\/www.tv2000.it\/siamonoi\/wp-json\/wp\/v2\/media?parent=17095"}],"wp:term":[{"taxonomy":"category","embeddable":true,"href":"https:\/\/www.tv2000.it\/siamonoi\/wp-json\/wp\/v2\/categories?post=17095"},{"taxonomy":"post_tag","embeddable":true,"href":"https:\/\/www.tv2000.it\/siamonoi\/wp-json\/wp\/v2\/tags?post=17095"}],"curies":[{"name":"wp","href":"https:\/\/api.w.org\/{rel}","templated":true}]}}