{"id":18150,"date":"2021-09-29T17:55:31","date_gmt":"2021-09-29T15:55:31","guid":{"rendered":"http:\/\/www.tv2000.it\/siamonoi\/?p=18150"},"modified":"2021-09-29T17:55:31","modified_gmt":"2021-09-29T15:55:31","slug":"effeta-la-carita-in-terra-santa-29-settembre-2021","status":"publish","type":"post","link":"https:\/\/www.tv2000.it\/siamonoi\/2021\/09\/29\/effeta-la-carita-in-terra-santa-29-settembre-2021\/","title":{"rendered":"Effet\u00e0, la carit\u00e0 in Terra Santa <br> 29 settembre 2021"},"content":{"rendered":"<p>Papa Paolo VI volle fortemente che a Betlemme sorgesse un luogo speciale. Un luogo in cui chiunque si potesse sentire accolto e accudito. Per questo \u00e8 nato \u201cEffet\u00e0 Paolo VI\u201d, una scuola specializzata per la rieducazione audiofonetica dei bambini audiolesi residenti nei Territori Palestinesi. Le finalit\u00e0 principali del Centro sono la formazione e la preparazione dei suoi studenti ad affrontare la societ\u00e0 con la consapevolezza che la sordit\u00e0 non \u00e8 un ostacolo per un&#8217;affermazione personale nell&#8217;ambiente civile. Siamo Noi ne parla con: Andrea Bottinelli, presidente della Fondazione Giovanni Paolo II. In collegamento dalla Terra Santa, la giornalista Alessandra Buzzetti e il Patriarca di Gerusalemme dei Latini Mons. Pierbattista Pizzaballa; Suor Anastasie Teby, responsabile dell\u2019Istituto Effet\u00e0.<\/p>\n<div class=\"fluid-embed-container\"><iframe title=\"Siamo Noi, 29 settembre 2021 \u2013 Effet\u00e0, la carit\u00e0 in Terra Santa\" width=\"640\" height=\"360\" src=\"https:\/\/www.youtube.com\/embed\/fpokbEQoIjQ?feature=oembed\" frameborder=\"0\" allow=\"accelerometer; autoplay; clipboard-write; encrypted-media; gyroscope; picture-in-picture; web-share\" referrerpolicy=\"strict-origin-when-cross-origin\" allowfullscreen><\/iframe><\/div>\n","protected":false},"excerpt":{"rendered":"Papa Paolo VI volle fortemente che a Betlemme sorgesse un luogo speciale. Un luogo in cui chiunque si potesse sentire accolto e accudito. Per questo \u00e8 nato \u201cEffet\u00e0 Paolo VI\u201d, una scuola specializzata per la rieducazione audiofonetica dei bambini audiolesi residenti nei Territori Palestinesi. Le finalit\u00e0 principali del Centro sono la formazione e la preparazione [&hellip;]","protected":false},"author":6,"featured_media":18151,"comment_status":"open","ping_status":"open","sticky":false,"template":"","format":"standard","meta":{"_acf_changed":false,"footnotes":""},"categories":[3062],"tags":[],"class_list":["post-18150","post","type-post","status-publish","format-standard","has-post-thumbnail","hentry","category-puntate-2021-2022"],"acf":[],"aioseo_notices":[],"featured_image_url":"https:\/\/www.tv2000.it\/siamonoi\/wp-content\/uploads\/sites\/11\/2021\/09\/siamo-noi-29-puntata.jpg","_links":{"self":[{"href":"https:\/\/www.tv2000.it\/siamonoi\/wp-json\/wp\/v2\/posts\/18150","targetHints":{"allow":["GET"]}}],"collection":[{"href":"https:\/\/www.tv2000.it\/siamonoi\/wp-json\/wp\/v2\/posts"}],"about":[{"href":"https:\/\/www.tv2000.it\/siamonoi\/wp-json\/wp\/v2\/types\/post"}],"author":[{"embeddable":true,"href":"https:\/\/www.tv2000.it\/siamonoi\/wp-json\/wp\/v2\/users\/6"}],"replies":[{"embeddable":true,"href":"https:\/\/www.tv2000.it\/siamonoi\/wp-json\/wp\/v2\/comments?post=18150"}],"version-history":[{"count":1,"href":"https:\/\/www.tv2000.it\/siamonoi\/wp-json\/wp\/v2\/posts\/18150\/revisions"}],"predecessor-version":[{"id":18153,"href":"https:\/\/www.tv2000.it\/siamonoi\/wp-json\/wp\/v2\/posts\/18150\/revisions\/18153"}],"wp:featuredmedia":[{"embeddable":true,"href":"https:\/\/www.tv2000.it\/siamonoi\/wp-json\/wp\/v2\/media\/18151"}],"wp:attachment":[{"href":"https:\/\/www.tv2000.it\/siamonoi\/wp-json\/wp\/v2\/media?parent=18150"}],"wp:term":[{"taxonomy":"category","embeddable":true,"href":"https:\/\/www.tv2000.it\/siamonoi\/wp-json\/wp\/v2\/categories?post=18150"},{"taxonomy":"post_tag","embeddable":true,"href":"https:\/\/www.tv2000.it\/siamonoi\/wp-json\/wp\/v2\/tags?post=18150"}],"curies":[{"name":"wp","href":"https:\/\/api.w.org\/{rel}","templated":true}]}}