{"id":20290,"date":"2022-10-17T17:05:42","date_gmt":"2022-10-17T15:05:42","guid":{"rendered":"https:\/\/www.tv2000.it\/siamonoi\/?p=20290"},"modified":"2022-10-17T17:05:42","modified_gmt":"2022-10-17T15:05:42","slug":"litalia-della-poverta-le-famiglie-chiedono-aiuto","status":"publish","type":"post","link":"https:\/\/www.tv2000.it\/siamonoi\/2022\/10\/17\/litalia-della-poverta-le-famiglie-chiedono-aiuto\/","title":{"rendered":"L\u2019Italia della povert\u00e0: le famiglie chiedono aiuto"},"content":{"rendered":"<div class=\"fluid-embed-container\"><iframe title=\"Siamo Noi, 17 ottobre 2022 - L\u2019Italia della povert\u00e0: le famiglie chiedono aiuto\" width=\"640\" height=\"360\" src=\"https:\/\/www.youtube.com\/embed\/D_-RiMKECfo?feature=oembed\" frameborder=\"0\" allow=\"accelerometer; autoplay; clipboard-write; encrypted-media; gyroscope; picture-in-picture; web-share\" referrerpolicy=\"strict-origin-when-cross-origin\" allowfullscreen><\/iframe><\/div>\n<p>Nel 2022 in Italia \u00e8 morta una persona senza dimora al giorno portando il bollettino dei decessi a quota 289 gi\u00e0 a ottobre. La povert\u00e0 in Italia colpisce oggi tre milioni di famiglie, delle quali quasi due milioni si trovano in una situazione di povert\u00e0 assoluta. Dopo la pandemia, il Paese deve fare i conti con gli effetti terribili della guerra. L\u2019economia riuscir\u00e0 a rialzarsi? Come combattere i rischi di un futuro incerto? Nella Giornata Mondiale della lotta alla povert\u00e0, puntata di Siamo Noi con: Paolo Graldi, giornalista; Cristina Avonto, presidente di Fio.PSD; Walter Nanni, responsabile dell\u2019Ufficio studi di Caritas Italiana. In collegamento dalla Casa della Carit\u00e0 intitolata a don Pietro Sigurani. l\u2019inviata Marta Manzo.<\/p>\n","protected":false},"excerpt":{"rendered":"Nel 2022 in Italia \u00e8 morta una persona senza dimora al giorno portando il bollettino dei decessi a quota 289 gi\u00e0 a ottobre. La povert\u00e0 in Italia colpisce oggi tre milioni di famiglie, delle quali quasi due milioni si trovano in una situazione di povert\u00e0 assoluta. Dopo la pandemia, il Paese deve fare i conti [&hellip;]","protected":false},"author":9,"featured_media":20291,"comment_status":"open","ping_status":"open","sticky":false,"template":"","format":"standard","meta":{"_acf_changed":false,"footnotes":""},"categories":[3312],"tags":[],"class_list":["post-20290","post","type-post","status-publish","format-standard","has-post-thumbnail","hentry","category-puntate-2022-2023"],"acf":[],"aioseo_notices":[],"featured_image_url":"https:\/\/www.tv2000.it\/siamonoi\/wp-content\/uploads\/sites\/11\/2022\/10\/siamonoi1710home.jpg","_links":{"self":[{"href":"https:\/\/www.tv2000.it\/siamonoi\/wp-json\/wp\/v2\/posts\/20290","targetHints":{"allow":["GET"]}}],"collection":[{"href":"https:\/\/www.tv2000.it\/siamonoi\/wp-json\/wp\/v2\/posts"}],"about":[{"href":"https:\/\/www.tv2000.it\/siamonoi\/wp-json\/wp\/v2\/types\/post"}],"author":[{"embeddable":true,"href":"https:\/\/www.tv2000.it\/siamonoi\/wp-json\/wp\/v2\/users\/9"}],"replies":[{"embeddable":true,"href":"https:\/\/www.tv2000.it\/siamonoi\/wp-json\/wp\/v2\/comments?post=20290"}],"version-history":[{"count":1,"href":"https:\/\/www.tv2000.it\/siamonoi\/wp-json\/wp\/v2\/posts\/20290\/revisions"}],"predecessor-version":[{"id":20292,"href":"https:\/\/www.tv2000.it\/siamonoi\/wp-json\/wp\/v2\/posts\/20290\/revisions\/20292"}],"wp:featuredmedia":[{"embeddable":true,"href":"https:\/\/www.tv2000.it\/siamonoi\/wp-json\/wp\/v2\/media\/20291"}],"wp:attachment":[{"href":"https:\/\/www.tv2000.it\/siamonoi\/wp-json\/wp\/v2\/media?parent=20290"}],"wp:term":[{"taxonomy":"category","embeddable":true,"href":"https:\/\/www.tv2000.it\/siamonoi\/wp-json\/wp\/v2\/categories?post=20290"},{"taxonomy":"post_tag","embeddable":true,"href":"https:\/\/www.tv2000.it\/siamonoi\/wp-json\/wp\/v2\/tags?post=20290"}],"curies":[{"name":"wp","href":"https:\/\/api.w.org\/{rel}","templated":true}]}}