{"id":2434,"date":"2015-10-01T12:18:29","date_gmt":"2015-10-01T10:18:29","guid":{"rendered":"http:\/\/www.tv2000.it\/siamonoi\/?p=2434"},"modified":"2015-10-02T13:03:53","modified_gmt":"2015-10-02T11:03:53","slug":"la-luce-in-fondo-al-tunnel-della-crisi-e-la-solitudine-degli-anziani-oggi-a-siamo-noi","status":"publish","type":"post","link":"https:\/\/www.tv2000.it\/siamonoi\/2015\/10\/01\/la-luce-in-fondo-al-tunnel-della-crisi-e-la-solitudine-degli-anziani-oggi-a-siamo-noi\/","title":{"rendered":"La luce in fondo al tunnel della crisi e la solitudine degli anziani a Siamo Noi"},"content":{"rendered":"<p><a href=\"http:\/\/www.tv2000.it\/siamonoi\/wp-content\/uploads\/sites\/11\/2015\/09\/789.png\"><img decoding=\"async\" class=\" size-medium wp-image-2348 alignleft\" src=\"http:\/\/www.tv2000.it\/siamonoi\/wp-content\/uploads\/sites\/11\/2015\/09\/789-300x169.png\" alt=\"789\" width=\"300\" height=\"169\" srcset=\"https:\/\/www.tv2000.it\/siamonoi\/wp-content\/uploads\/sites\/11\/2015\/09\/789-300x169.png 300w, https:\/\/www.tv2000.it\/siamonoi\/wp-content\/uploads\/sites\/11\/2015\/09\/789-768x432.png 768w, https:\/\/www.tv2000.it\/siamonoi\/wp-content\/uploads\/sites\/11\/2015\/09\/789-1024x576.png 1024w, https:\/\/www.tv2000.it\/siamonoi\/wp-content\/uploads\/sites\/11\/2015\/09\/789-48x27.png 48w, https:\/\/www.tv2000.it\/siamonoi\/wp-content\/uploads\/sites\/11\/2015\/09\/789-280x158.png 280w, https:\/\/www.tv2000.it\/siamonoi\/wp-content\/uploads\/sites\/11\/2015\/09\/789-650x366.png 650w, https:\/\/www.tv2000.it\/siamonoi\/wp-content\/uploads\/sites\/11\/2015\/09\/789.png 1920w\" sizes=\"(max-width: 300px) 100vw, 300px\" \/><\/a><strong>In questi giorni<\/strong> si susseguono notizie incoraggianti per la nostra economia: aumenta la fiducia dei consumatori e degli imprenditori, aumenta il Pil e, in parallelo, aumentano anche i giovani che in questi mesi trovano un\u2019occupazione a tempo indeterminato. Questo \u00e8 quello che dicono le statistiche Istat e, la domanda che molti si chiedono \u00e8: la crisi \u00e8 finita? Siamo fuori dalla bufera?<\/p>\n<p><strong>L\u2019approfondimento<\/strong> di oggi \u00e8 dedicato alla solitudine nella quale vivono troppo spesso i nostri anziani. Anche Papa Francesco si \u00e8 espresso contro l&#8217;abbandono degli anziani ribadendo il loro ruolo fondamentale nella nostra societ\u00e0. Verr\u00e0 dato spazio, in studio e in collegamento ai racconti positivi di chi questa solitudine prova a sconfiggerla.<\/p>\n<p>La puntata:<\/p>\n<div class=\"fluid-embed-container\"><iframe title=\"Siamo Noi - Puntata del 1 ottobre 2015\" width=\"640\" height=\"360\" src=\"https:\/\/www.youtube.com\/embed\/h5r_ZRN0o4c?feature=oembed\" frameborder=\"0\" allow=\"accelerometer; autoplay; clipboard-write; encrypted-media; gyroscope; picture-in-picture; web-share\" referrerpolicy=\"strict-origin-when-cross-origin\" allowfullscreen><\/iframe><\/div>\n","protected":false},"excerpt":{"rendered":"In questi giorni si susseguono notizie incoraggianti per la nostra economia: aumenta la fiducia dei consumatori e degli imprenditori, aumenta il Pil e, in parallelo, aumentano anche i giovani che in questi mesi trovano un\u2019occupazione a tempo indeterminato. Questo \u00e8 quello che dicono le statistiche Istat e, la domanda che molti si chiedono \u00e8: la [&hellip;]","protected":false},"author":23,"featured_media":0,"comment_status":"open","ping_status":"open","sticky":false,"template":"","format":"standard","meta":{"_acf_changed":false,"footnotes":""},"categories":[1],"tags":[],"class_list":["post-2434","post","type-post","status-publish","format-standard","hentry","category-senza-categoria"],"acf":[],"aioseo_notices":[],"_links":{"self":[{"href":"https:\/\/www.tv2000.it\/siamonoi\/wp-json\/wp\/v2\/posts\/2434","targetHints":{"allow":["GET"]}}],"collection":[{"href":"https:\/\/www.tv2000.it\/siamonoi\/wp-json\/wp\/v2\/posts"}],"about":[{"href":"https:\/\/www.tv2000.it\/siamonoi\/wp-json\/wp\/v2\/types\/post"}],"author":[{"embeddable":true,"href":"https:\/\/www.tv2000.it\/siamonoi\/wp-json\/wp\/v2\/users\/23"}],"replies":[{"embeddable":true,"href":"https:\/\/www.tv2000.it\/siamonoi\/wp-json\/wp\/v2\/comments?post=2434"}],"version-history":[{"count":5,"href":"https:\/\/www.tv2000.it\/siamonoi\/wp-json\/wp\/v2\/posts\/2434\/revisions"}],"predecessor-version":[{"id":2465,"href":"https:\/\/www.tv2000.it\/siamonoi\/wp-json\/wp\/v2\/posts\/2434\/revisions\/2465"}],"wp:attachment":[{"href":"https:\/\/www.tv2000.it\/siamonoi\/wp-json\/wp\/v2\/media?parent=2434"}],"wp:term":[{"taxonomy":"category","embeddable":true,"href":"https:\/\/www.tv2000.it\/siamonoi\/wp-json\/wp\/v2\/categories?post=2434"},{"taxonomy":"post_tag","embeddable":true,"href":"https:\/\/www.tv2000.it\/siamonoi\/wp-json\/wp\/v2\/tags?post=2434"}],"curies":[{"name":"wp","href":"https:\/\/api.w.org\/{rel}","templated":true}]}}