{"id":2436,"date":"2015-10-01T12:43:12","date_gmt":"2015-10-01T10:43:12","guid":{"rendered":"http:\/\/www.tv2000.it\/siamonoi\/?p=2436"},"modified":"2015-10-01T12:43:12","modified_gmt":"2015-10-01T10:43:12","slug":"2436","status":"publish","type":"post","link":"https:\/\/www.tv2000.it\/siamonoi\/2015\/10\/01\/2436\/","title":{"rendered":""},"content":{"rendered":"<p><a href=\"http:\/\/www.tv2000.it\/siamonoi\/wp-content\/uploads\/sites\/11\/2015\/09\/albero-del-bene-comune.png\"><img decoding=\"async\" class=\" size-medium wp-image-2394 alignleft\" src=\"http:\/\/www.tv2000.it\/siamonoi\/wp-content\/uploads\/sites\/11\/2015\/09\/albero-del-bene-comune-266x300.png\" alt=\"albero-del-bene-comune\" width=\"266\" height=\"300\" srcset=\"https:\/\/www.tv2000.it\/siamonoi\/wp-content\/uploads\/sites\/11\/2015\/09\/albero-del-bene-comune-266x300.png 266w, https:\/\/www.tv2000.it\/siamonoi\/wp-content\/uploads\/sites\/11\/2015\/09\/albero-del-bene-comune-24x27.png 24w, https:\/\/www.tv2000.it\/siamonoi\/wp-content\/uploads\/sites\/11\/2015\/09\/albero-del-bene-comune-280x315.png 280w, https:\/\/www.tv2000.it\/siamonoi\/wp-content\/uploads\/sites\/11\/2015\/09\/albero-del-bene-comune.png 300w\" sizes=\"(max-width: 266px) 100vw, 266px\" \/><\/a>Da quest\u2019anno a \u201cSiamo Noi\u201d arriva una grande novit\u00e0: \u00e8 \u201cL\u2019albero del bene comune\u201d. La nuova rubrica grazie alla quale potremo conoscere meglio i protagonisti di quel cambiamento positivo che attraversa i piccoli comuni, apre nuove prospettive di comunit\u00e0 nelle grandi citt\u00e0, riscrive i processi di costruzione del lavoro, punta alla sostenibilit\u00e0 ambientale.<\/p>\n<p>Ogni giorno <em>\u201cSiamo Noi\u201d <\/em>accoglier\u00e0, infatti, il racconto di un uomo o di una donna che sta costruendo \u201cbene comune\u201d nel nostro Paese: il luned\u00ec\u00a0in ambito ecclesiale, il marted\u00ec nel mondo dell\u2019impresa, il mercoled\u00ec in quello della pubblica amministrazione, il gioved\u00ec nel settore ambientale. Mentre il venerd\u00ec, senza distinzione di contesto, verr\u00e0 riservato ad un \u201ccostruttore di bene comune\u201d segnalato dai telespettatori.<\/p>\n<p>Un invito alla partecipazione attiva, che, anche attraverso i social network e la proposta di concrete azioni di intervento locale, continuer\u00e0 a coinvolgere il pubblico a casa, cos\u00ec come accaduto nella prima stagione.<\/p>\n<p>Se avete storie, persone o fatti da segnalare, inviateci i vostri suggerimenti a:<\/p>\n<p><strong>siamonoi@tv2000.it<\/strong>\u00a0 &#8211;\u00a0 <strong>www.facebook.com\/siamonoitv2000<\/strong>\u00a0 &#8211;\u00a0 <strong>Twitter @siamonoitv2000<\/strong>\u00a0 &#8211;\u00a0 <strong>Numero verdo 800. 22. 88. 96<\/strong><\/p>\n<p>&nbsp;<\/p>\n<p>&nbsp;<\/p>\n<div class=\"fluid-embed-container\"><iframe title=\"&quot;Siamo noi&quot; - L&#039;albero del bene comune\" width=\"640\" height=\"360\" src=\"https:\/\/www.youtube.com\/embed\/N5Ejoin2vH0?list=PL6AqvbxnE8H4uB6OW69hCWEUkN8uHJQhu\" frameborder=\"0\" allow=\"accelerometer; autoplay; clipboard-write; encrypted-media; gyroscope; picture-in-picture; web-share\" referrerpolicy=\"strict-origin-when-cross-origin\" allowfullscreen><\/iframe><\/div>\n","protected":false},"excerpt":{"rendered":"Da quest\u2019anno a \u201cSiamo Noi\u201d arriva una grande novit\u00e0: \u00e8 \u201cL\u2019albero del bene comune\u201d. La nuova rubrica grazie alla quale potremo conoscere meglio i protagonisti di quel cambiamento positivo che attraversa i piccoli comuni, apre nuove prospettive di comunit\u00e0 nelle grandi citt\u00e0, riscrive i processi di costruzione del lavoro, punta alla sostenibilit\u00e0 ambientale. Ogni giorno [&hellip;]","protected":false},"author":23,"featured_media":0,"comment_status":"open","ping_status":"open","sticky":false,"template":"","format":"standard","meta":{"_acf_changed":false,"footnotes":""},"categories":[1],"tags":[],"class_list":["post-2436","post","type-post","status-publish","format-standard","hentry","category-senza-categoria"],"acf":[],"aioseo_notices":[],"_links":{"self":[{"href":"https:\/\/www.tv2000.it\/siamonoi\/wp-json\/wp\/v2\/posts\/2436","targetHints":{"allow":["GET"]}}],"collection":[{"href":"https:\/\/www.tv2000.it\/siamonoi\/wp-json\/wp\/v2\/posts"}],"about":[{"href":"https:\/\/www.tv2000.it\/siamonoi\/wp-json\/wp\/v2\/types\/post"}],"author":[{"embeddable":true,"href":"https:\/\/www.tv2000.it\/siamonoi\/wp-json\/wp\/v2\/users\/23"}],"replies":[{"embeddable":true,"href":"https:\/\/www.tv2000.it\/siamonoi\/wp-json\/wp\/v2\/comments?post=2436"}],"version-history":[{"count":1,"href":"https:\/\/www.tv2000.it\/siamonoi\/wp-json\/wp\/v2\/posts\/2436\/revisions"}],"predecessor-version":[{"id":2437,"href":"https:\/\/www.tv2000.it\/siamonoi\/wp-json\/wp\/v2\/posts\/2436\/revisions\/2437"}],"wp:attachment":[{"href":"https:\/\/www.tv2000.it\/siamonoi\/wp-json\/wp\/v2\/media?parent=2436"}],"wp:term":[{"taxonomy":"category","embeddable":true,"href":"https:\/\/www.tv2000.it\/siamonoi\/wp-json\/wp\/v2\/categories?post=2436"},{"taxonomy":"post_tag","embeddable":true,"href":"https:\/\/www.tv2000.it\/siamonoi\/wp-json\/wp\/v2\/tags?post=2436"}],"curies":[{"name":"wp","href":"https:\/\/api.w.org\/{rel}","templated":true}]}}