{"id":2733,"date":"2015-10-21T11:42:56","date_gmt":"2015-10-21T09:42:56","guid":{"rendered":"http:\/\/www.tv2000.it\/siamonoi\/?p=2733"},"modified":"2015-10-22T12:37:41","modified_gmt":"2015-10-22T10:37:41","slug":"affido-e-adozioni-a-siamo-noi","status":"publish","type":"post","link":"https:\/\/www.tv2000.it\/siamonoi\/2015\/10\/21\/affido-e-adozioni-a-siamo-noi\/","title":{"rendered":"Affido e adozioni a Siamo Noi"},"content":{"rendered":"<p><strong><a href=\"http:\/\/www.tv2000.it\/siamonoi\/wp-content\/uploads\/sites\/11\/2015\/09\/789.png\"><img decoding=\"async\" class=\" size-medium wp-image-2348 alignleft\" src=\"http:\/\/www.tv2000.it\/siamonoi\/wp-content\/uploads\/sites\/11\/2015\/09\/789-300x169.png\" alt=\"789\" width=\"300\" height=\"169\" srcset=\"https:\/\/www.tv2000.it\/siamonoi\/wp-content\/uploads\/sites\/11\/2015\/09\/789-300x169.png 300w, https:\/\/www.tv2000.it\/siamonoi\/wp-content\/uploads\/sites\/11\/2015\/09\/789-768x432.png 768w, https:\/\/www.tv2000.it\/siamonoi\/wp-content\/uploads\/sites\/11\/2015\/09\/789-1024x576.png 1024w, https:\/\/www.tv2000.it\/siamonoi\/wp-content\/uploads\/sites\/11\/2015\/09\/789-48x27.png 48w, https:\/\/www.tv2000.it\/siamonoi\/wp-content\/uploads\/sites\/11\/2015\/09\/789-280x158.png 280w, https:\/\/www.tv2000.it\/siamonoi\/wp-content\/uploads\/sites\/11\/2015\/09\/789-650x366.png 650w, https:\/\/www.tv2000.it\/siamonoi\/wp-content\/uploads\/sites\/11\/2015\/09\/789.png 1920w\" sizes=\"(max-width: 300px) 100vw, 300px\" \/><\/a>Oggi a Siamo Noi\u00a0<\/strong>si parler\u00e0 di un tema molto delicato che riguarda moltissime famiglie italiane: quello dell&#8217;affido e delle adozioni.<\/p>\n<p><strong>Si far\u00e0 luce<\/strong> sulle ultime novit\u00e0 in ambito legale, giuridico e amministrativo per capire cosa cambier\u00e0 nel futuro prossimo.<\/p>\n<p><strong>Nella seconda parte<\/strong> di puntata, spazio alle donne e agli uomini ai quali il Presidente della Repubblica Sergio Mattarella ha voluto conferire le Onorificenze al Merito della Repubblica Italiana rese note dal Quirinale lo scorso 10 ottobre.<\/p>\n<p><strong>I Cavalieri del bene comune<\/strong>!<\/p>\n<div class=\"fluid-embed-container\"><iframe title=\"Siamo noi - Puntata del 21 ottobre 2015\" width=\"640\" height=\"360\" src=\"https:\/\/www.youtube.com\/embed\/YwKebBoekCg?list=PL6AqvbxnE8H4uB6OW69hCWEUkN8uHJQhu\" frameborder=\"0\" allow=\"accelerometer; autoplay; clipboard-write; encrypted-media; gyroscope; picture-in-picture; web-share\" referrerpolicy=\"strict-origin-when-cross-origin\" allowfullscreen><\/iframe><\/div>\n<p>&nbsp;<\/p>\n","protected":false},"excerpt":{"rendered":"Oggi a Siamo Noi\u00a0si parler\u00e0 di un tema molto delicato che riguarda moltissime famiglie italiane: quello dell&#8217;affido e delle adozioni. Si far\u00e0 luce sulle ultime novit\u00e0 in ambito legale, giuridico e amministrativo per capire cosa cambier\u00e0 nel futuro prossimo. Nella seconda parte di puntata, spazio alle donne e agli uomini ai quali il Presidente della [&hellip;]","protected":false},"author":23,"featured_media":0,"comment_status":"open","ping_status":"open","sticky":false,"template":"","format":"standard","meta":{"_acf_changed":false,"footnotes":""},"categories":[1],"tags":[],"class_list":["post-2733","post","type-post","status-publish","format-standard","hentry","category-senza-categoria"],"acf":[],"aioseo_notices":[],"_links":{"self":[{"href":"https:\/\/www.tv2000.it\/siamonoi\/wp-json\/wp\/v2\/posts\/2733","targetHints":{"allow":["GET"]}}],"collection":[{"href":"https:\/\/www.tv2000.it\/siamonoi\/wp-json\/wp\/v2\/posts"}],"about":[{"href":"https:\/\/www.tv2000.it\/siamonoi\/wp-json\/wp\/v2\/types\/post"}],"author":[{"embeddable":true,"href":"https:\/\/www.tv2000.it\/siamonoi\/wp-json\/wp\/v2\/users\/23"}],"replies":[{"embeddable":true,"href":"https:\/\/www.tv2000.it\/siamonoi\/wp-json\/wp\/v2\/comments?post=2733"}],"version-history":[{"count":2,"href":"https:\/\/www.tv2000.it\/siamonoi\/wp-json\/wp\/v2\/posts\/2733\/revisions"}],"predecessor-version":[{"id":2755,"href":"https:\/\/www.tv2000.it\/siamonoi\/wp-json\/wp\/v2\/posts\/2733\/revisions\/2755"}],"wp:attachment":[{"href":"https:\/\/www.tv2000.it\/siamonoi\/wp-json\/wp\/v2\/media?parent=2733"}],"wp:term":[{"taxonomy":"category","embeddable":true,"href":"https:\/\/www.tv2000.it\/siamonoi\/wp-json\/wp\/v2\/categories?post=2733"},{"taxonomy":"post_tag","embeddable":true,"href":"https:\/\/www.tv2000.it\/siamonoi\/wp-json\/wp\/v2\/tags?post=2733"}],"curies":[{"name":"wp","href":"https:\/\/api.w.org\/{rel}","templated":true}]}}