{"id":28274,"date":"2023-03-15T17:26:03","date_gmt":"2023-03-15T16:26:03","guid":{"rendered":"https:\/\/www.tv2000.it\/siamonoi\/?p=28274"},"modified":"2023-03-15T17:26:03","modified_gmt":"2023-03-15T16:26:03","slug":"emergenza-natalita-come-contrastare-la-crisi-demografica","status":"publish","type":"post","link":"https:\/\/www.tv2000.it\/siamonoi\/2023\/03\/15\/emergenza-natalita-come-contrastare-la-crisi-demografica\/","title":{"rendered":"Emergenza natalit\u00e0: come contrastare la crisi demografica"},"content":{"rendered":"<p>L\u2019Italia detiene il triste record europeo per la denatalit\u00e0. Questo fenomeno ha un impatto significativo sull&#8217;economia, la societ\u00e0 e il sistema sanitario. Gli esperti ritengono che ci\u00f2 sia causato da molteplici fattori, tra cui la crisi economica, la mancanza di sostegno alla genitorialit\u00e0 e l&#8217;incertezza sul futuro. Le politiche riusciranno a contrastare la denatalit\u00e0 e garantire un futuro demografico sostenibile per l&#8217;Italia?<\/p>\n<p>Siamo Noi, programma pomeridiano di Tv2000 in diretta alle 15.15: <strong>Diodato Pirone<\/strong>, giornalista; <strong>Gigi De Palo<\/strong>, presidente del Forum Nazionale delle Associazioni Familiari; <strong>Alessandro Rosina<\/strong>, demografo dell\u2019Universit\u00e0 Cattolica di Milano.<\/p>\n<div class=\"fluid-embed-container\"><iframe title=\"Siamo Noi (Tv2000) - Emergenza natalit\u00e0: come contrastare la crisi demografica\" width=\"640\" height=\"360\" src=\"https:\/\/www.youtube.com\/embed\/ASlsWhlOn-0?feature=oembed\" frameborder=\"0\" allow=\"accelerometer; autoplay; clipboard-write; encrypted-media; gyroscope; picture-in-picture; web-share\" referrerpolicy=\"strict-origin-when-cross-origin\" allowfullscreen><\/iframe><\/div>\n","protected":false},"excerpt":{"rendered":"L\u2019Italia detiene il triste record europeo per la denatalit\u00e0. Questo fenomeno ha un impatto significativo sull&#8217;economia, la societ\u00e0 e il sistema sanitario. Gli esperti ritengono che ci\u00f2 sia causato da molteplici fattori, tra cui la crisi economica, la mancanza di sostegno alla genitorialit\u00e0 e l&#8217;incertezza sul futuro. Le politiche riusciranno a contrastare la denatalit\u00e0 e [&hellip;]","protected":false},"author":6,"featured_media":28279,"comment_status":"open","ping_status":"open","sticky":false,"template":"","format":"standard","meta":{"_acf_changed":false,"footnotes":""},"categories":[3312],"tags":[],"class_list":["post-28274","post","type-post","status-publish","format-standard","has-post-thumbnail","hentry","category-puntate-2022-2023"],"acf":[],"aioseo_notices":[],"featured_image_url":"https:\/\/www.tv2000.it\/siamonoi\/wp-content\/uploads\/sites\/11\/2023\/03\/sn15-1024x576.jpg","_links":{"self":[{"href":"https:\/\/www.tv2000.it\/siamonoi\/wp-json\/wp\/v2\/posts\/28274","targetHints":{"allow":["GET"]}}],"collection":[{"href":"https:\/\/www.tv2000.it\/siamonoi\/wp-json\/wp\/v2\/posts"}],"about":[{"href":"https:\/\/www.tv2000.it\/siamonoi\/wp-json\/wp\/v2\/types\/post"}],"author":[{"embeddable":true,"href":"https:\/\/www.tv2000.it\/siamonoi\/wp-json\/wp\/v2\/users\/6"}],"replies":[{"embeddable":true,"href":"https:\/\/www.tv2000.it\/siamonoi\/wp-json\/wp\/v2\/comments?post=28274"}],"version-history":[{"count":1,"href":"https:\/\/www.tv2000.it\/siamonoi\/wp-json\/wp\/v2\/posts\/28274\/revisions"}],"predecessor-version":[{"id":28280,"href":"https:\/\/www.tv2000.it\/siamonoi\/wp-json\/wp\/v2\/posts\/28274\/revisions\/28280"}],"wp:featuredmedia":[{"embeddable":true,"href":"https:\/\/www.tv2000.it\/siamonoi\/wp-json\/wp\/v2\/media\/28279"}],"wp:attachment":[{"href":"https:\/\/www.tv2000.it\/siamonoi\/wp-json\/wp\/v2\/media?parent=28274"}],"wp:term":[{"taxonomy":"category","embeddable":true,"href":"https:\/\/www.tv2000.it\/siamonoi\/wp-json\/wp\/v2\/categories?post=28274"},{"taxonomy":"post_tag","embeddable":true,"href":"https:\/\/www.tv2000.it\/siamonoi\/wp-json\/wp\/v2\/tags?post=28274"}],"curies":[{"name":"wp","href":"https:\/\/api.w.org\/{rel}","templated":true}]}}