{"id":47335,"date":"2024-01-12T18:16:53","date_gmt":"2024-01-12T17:16:53","guid":{"rendered":"https:\/\/www.tv2000.it\/siamonoi\/?p=47335"},"modified":"2024-01-12T18:16:53","modified_gmt":"2024-01-12T17:16:53","slug":"una-famiglia-in-piu-per-i-ragazzi-in-comunita","status":"publish","type":"post","link":"https:\/\/www.tv2000.it\/siamonoi\/2024\/01\/12\/una-famiglia-in-piu-per-i-ragazzi-in-comunita\/","title":{"rendered":"&#8220;Una famiglia in pi\u00f9&#8221; per i ragazzi in comunit\u00e0"},"content":{"rendered":"<p>Nello spazio attualit\u00e0: <strong><em>Femminicidi, cinque omicidi in dodici giorni<\/em><\/strong><\/p>\n<p>&nbsp;<\/p>\n<p>Secondo i dati dell\u2019Autorit\u00e0 garante per l\u2019infanzia e l\u2019adolescenza, 23mila ragazze e ragazzi fra i 14 e i 17 anni vivono in comunit\u00e0 allontanati dalle famiglie di origine. Sono tanti, troppi. L\u2019affido \u00e8 un tema delicato, che necessita attenzione e cura da parte delle istituzioni.<\/p>\n<p>Siamo Noi, programma pomeridiano di Tv2000 in diretta alle 15.15, ne parla con:&nbsp;<strong>Karin Falconi<\/strong>, vicepresidente M\u2019aMa-Dalla Parte dei Bambini;&nbsp;<strong>Giampaolo&nbsp;Cerri<\/strong>, giornalista di Vita.<\/p>\n<div class=\"fluid-embed-container\"><iframe title=\"Siamo Noi (Tv2000), 12 gennaio 2024 - &quot;Una famiglia in pi\u00f9&quot; per i ragazzi in comunit\u00e0\" width=\"640\" height=\"360\" src=\"https:\/\/www.youtube.com\/embed\/nWGf1mdGMWg?feature=oembed\" frameborder=\"0\" allow=\"accelerometer; autoplay; clipboard-write; encrypted-media; gyroscope; picture-in-picture; web-share\" referrerpolicy=\"strict-origin-when-cross-origin\" allowfullscreen><\/iframe><\/div>\n","protected":false},"excerpt":{"rendered":"Nello spazio attualit\u00e0: Femminicidi, cinque omicidi in dodici giorni &nbsp; Secondo i dati dell\u2019Autorit\u00e0 garante per l\u2019infanzia e l\u2019adolescenza, 23mila ragazze e ragazzi fra i 14 e i 17 anni vivono in comunit\u00e0 allontanati dalle famiglie di origine. Sono tanti, troppi. L\u2019affido \u00e8 un tema delicato, che necessita attenzione e cura da parte delle istituzioni. [&hellip;]","protected":false},"author":6,"featured_media":47338,"comment_status":"open","ping_status":"open","sticky":false,"template":"","format":"standard","meta":{"_acf_changed":false,"footnotes":""},"categories":[3540],"tags":[],"class_list":["post-47335","post","type-post","status-publish","format-standard","has-post-thumbnail","hentry","category-puntate-2023-2024"],"acf":[],"aioseo_notices":[],"featured_image_url":"https:\/\/www.tv2000.it\/siamonoi\/wp-content\/uploads\/sites\/11\/2024\/01\/siamo-noi-12-1024x576.jpg","_links":{"self":[{"href":"https:\/\/www.tv2000.it\/siamonoi\/wp-json\/wp\/v2\/posts\/47335","targetHints":{"allow":["GET"]}}],"collection":[{"href":"https:\/\/www.tv2000.it\/siamonoi\/wp-json\/wp\/v2\/posts"}],"about":[{"href":"https:\/\/www.tv2000.it\/siamonoi\/wp-json\/wp\/v2\/types\/post"}],"author":[{"embeddable":true,"href":"https:\/\/www.tv2000.it\/siamonoi\/wp-json\/wp\/v2\/users\/6"}],"replies":[{"embeddable":true,"href":"https:\/\/www.tv2000.it\/siamonoi\/wp-json\/wp\/v2\/comments?post=47335"}],"version-history":[{"count":1,"href":"https:\/\/www.tv2000.it\/siamonoi\/wp-json\/wp\/v2\/posts\/47335\/revisions"}],"predecessor-version":[{"id":47339,"href":"https:\/\/www.tv2000.it\/siamonoi\/wp-json\/wp\/v2\/posts\/47335\/revisions\/47339"}],"wp:featuredmedia":[{"embeddable":true,"href":"https:\/\/www.tv2000.it\/siamonoi\/wp-json\/wp\/v2\/media\/47338"}],"wp:attachment":[{"href":"https:\/\/www.tv2000.it\/siamonoi\/wp-json\/wp\/v2\/media?parent=47335"}],"wp:term":[{"taxonomy":"category","embeddable":true,"href":"https:\/\/www.tv2000.it\/siamonoi\/wp-json\/wp\/v2\/categories?post=47335"},{"taxonomy":"post_tag","embeddable":true,"href":"https:\/\/www.tv2000.it\/siamonoi\/wp-json\/wp\/v2\/tags?post=47335"}],"curies":[{"name":"wp","href":"https:\/\/api.w.org\/{rel}","templated":true}]}}