{"id":69830,"date":"2024-10-22T18:16:05","date_gmt":"2024-10-22T16:16:05","guid":{"rendered":"https:\/\/www.tv2000.it\/siamonoi\/?p=69830"},"modified":"2024-10-22T18:16:05","modified_gmt":"2024-10-22T16:16:05","slug":"volontari-senza-eta-cresce-limpegno-degli-over-65","status":"publish","type":"post","link":"https:\/\/www.tv2000.it\/siamonoi\/2024\/10\/22\/volontari-senza-eta-cresce-limpegno-degli-over-65\/","title":{"rendered":"Volontari senza et\u00e0, cresce l\u2019impegno degli over 65"},"content":{"rendered":"<p>Mensa, ambulatori, corsi per ragazzi con difficolt\u00e0 linguistiche, e poi ancora assistenza sanitaria, psicologi e quant\u2019altro. Queste sono tutte attivit\u00e0 svolte dal volontariato, dove l\u2019et\u00e0 risulta non essere un problema e anzi, sono sempre di pi\u00f9 gli over 65 a dedicarsi ad attivit\u00e0 con fini sociali. In collegamento da Nocera Inferiore, l\u2019inviata Marta Manzo.<\/p>\n<p>Siamo Noi, programma pomeridiano di Tv2000 in diretta alle 15.15, ne parla con: Silvia Acquistapace, volontaria Nonna Roma; Antonio Puler\u00e0, psicogeriatra; Stefano Arduini, direttore Vita.<\/p>\n<div class=\"rwd-video\"><iframe title=\"Play 2000\" src=\"https:\/\/www.play2000.it\/play\/episode\/8848?startAt=0&#038;backToUrl=%2Fdetail%2F12%3Fepisode_id%3D8848%26season_id%3D402\" width=\"640\" height=\"360\" frameborder=\"0\" allowfullscreen=\"allowfullscreen\"><span data-mce-type=\"bookmark\" style=\"display: inline-block; width: 0px; overflow: hidden; line-height: 0;\" class=\"mce_SELRES_start\"><\/span><span data-mce-type=\"bookmark\" style=\"display: inline-block; width: 0px; overflow: hidden; line-height: 0;\" class=\"mce_SELRES_start\"><\/span><\/iframe><\/div>\n","protected":false},"excerpt":{"rendered":"Mensa, ambulatori, corsi per ragazzi con difficolt\u00e0 linguistiche, e poi ancora assistenza sanitaria, psicologi e quant\u2019altro. Queste sono tutte attivit\u00e0 svolte dal volontariato, dove l\u2019et\u00e0 risulta non essere un problema e anzi, sono sempre di pi\u00f9 gli over 65 a dedicarsi ad attivit\u00e0 con fini sociali. In collegamento da Nocera Inferiore, l\u2019inviata Marta Manzo. Siamo [&hellip;]","protected":false},"author":6,"featured_media":69831,"comment_status":"open","ping_status":"open","sticky":false,"template":"","format":"standard","meta":{"_acf_changed":false,"footnotes":""},"categories":[3662],"tags":[],"class_list":["post-69830","post","type-post","status-publish","format-standard","has-post-thumbnail","hentry","category-puntate-2024-2025"],"acf":[],"aioseo_notices":[],"featured_image_url":"https:\/\/www.tv2000.it\/siamonoi\/wp-content\/uploads\/sites\/11\/2024\/10\/siamo-noi-22-otttobre-1024x576.jpg","_links":{"self":[{"href":"https:\/\/www.tv2000.it\/siamonoi\/wp-json\/wp\/v2\/posts\/69830","targetHints":{"allow":["GET"]}}],"collection":[{"href":"https:\/\/www.tv2000.it\/siamonoi\/wp-json\/wp\/v2\/posts"}],"about":[{"href":"https:\/\/www.tv2000.it\/siamonoi\/wp-json\/wp\/v2\/types\/post"}],"author":[{"embeddable":true,"href":"https:\/\/www.tv2000.it\/siamonoi\/wp-json\/wp\/v2\/users\/6"}],"replies":[{"embeddable":true,"href":"https:\/\/www.tv2000.it\/siamonoi\/wp-json\/wp\/v2\/comments?post=69830"}],"version-history":[{"count":1,"href":"https:\/\/www.tv2000.it\/siamonoi\/wp-json\/wp\/v2\/posts\/69830\/revisions"}],"predecessor-version":[{"id":69833,"href":"https:\/\/www.tv2000.it\/siamonoi\/wp-json\/wp\/v2\/posts\/69830\/revisions\/69833"}],"wp:featuredmedia":[{"embeddable":true,"href":"https:\/\/www.tv2000.it\/siamonoi\/wp-json\/wp\/v2\/media\/69831"}],"wp:attachment":[{"href":"https:\/\/www.tv2000.it\/siamonoi\/wp-json\/wp\/v2\/media?parent=69830"}],"wp:term":[{"taxonomy":"category","embeddable":true,"href":"https:\/\/www.tv2000.it\/siamonoi\/wp-json\/wp\/v2\/categories?post=69830"},{"taxonomy":"post_tag","embeddable":true,"href":"https:\/\/www.tv2000.it\/siamonoi\/wp-json\/wp\/v2\/tags?post=69830"}],"curies":[{"name":"wp","href":"https:\/\/api.w.org\/{rel}","templated":true}]}}