{"id":83372,"date":"2025-02-28T19:22:22","date_gmt":"2025-02-28T18:22:22","guid":{"rendered":"https:\/\/www.tv2000.it\/siamonoi\/?p=83372"},"modified":"2025-02-28T19:22:22","modified_gmt":"2025-02-28T18:22:22","slug":"meta-degli-italiani-vive-a-rate-prestiti-in-aumento-e-debiti-sempre-piu-alti","status":"publish","type":"post","link":"https:\/\/www.tv2000.it\/siamonoi\/2025\/02\/28\/meta-degli-italiani-vive-a-rate-prestiti-in-aumento-e-debiti-sempre-piu-alti\/","title":{"rendered":"Met\u00e0 degli italiani vive a rate: prestiti in aumento e debiti sempre pi\u00f9 alti"},"content":{"rendered":"<p>Pi\u00f9 di un italiano su due vive con un prestito sulle spalle, con una rata media che pesa 278 euro al mese. In base agli ultimi dati l&#8217;aumento dei &#8220;prestiti personali&#8221; \u00e8 pari all&#8217;11,3% ma restano prevalenti i cosiddetti &#8220;prestiti finalizzati&#8221;, ovvero collegati all&#8217;acquisto di beni o servizi da restituire a rate. Qui, a trainare i consumi (almeno nei primi nove mesi del 2024) \u00e8 stato il comparto auto, spinto dagli incentivi per i modelli ibridi ed elettrici. Secondo un&#8217;indagine Istat quasi 10 milioni di residenti in Italia (ovvero circa un quarto della popolazione fra 18 e 74 anni) hanno chiesto un prestito o un aiuto economico nel 2023, a causa di difficolt\u00e0 o mancanza di liquidit\u00e0. Pi\u00f9 della met\u00e0 si \u00e8 rivolto ai familiari, il resto a banche, poste e societ\u00e0 finanziarie.<br \/>\nSiamo Noi, programma pomeridiano di Tv2000 in diretta alle 15.15, ne parla con: Monica Cirillo, avvocato Adusbef; Mila Onder, giornalista Ansa Economia; Rita Romeo, Prometeia.<\/p>\n<div class=\"rwd-video\"><iframe title=\"Play 2000\" src=\"https:\/\/www.play2000.it\/play\/episode\/14408?startAt=0&#038;backToUrl=%2Fdetail%2F12%3Fepisode_id%3D14408%26season_id%3D611\" width=\"640\" height=\"360\" frameborder=\"0\" allowfullscreen=\"allowfullscreen\"><span data-mce-type=\"bookmark\" style=\"display: inline-block; width: 0px; overflow: hidden; line-height: 0;\" class=\"mce_SELRES_start\">\ufeff<\/span><span data-mce-type=\"bookmark\" style=\"display: inline-block; width: 0px; overflow: hidden; line-height: 0;\" class=\"mce_SELRES_start\">\ufeff<\/span><span data-mce-type=\"bookmark\" style=\"display: inline-block; width: 0px; overflow: hidden; line-height: 0;\" class=\"mce_SELRES_start\">\ufeff<\/span><span data-mce-type=\"bookmark\" style=\"display: inline-block; width: 0px; overflow: hidden; line-height: 0;\" class=\"mce_SELRES_start\">\ufeff<\/span><\/iframe><\/div>\n","protected":false},"excerpt":{"rendered":"Pi\u00f9 di un italiano su due vive con un prestito sulle spalle, con una rata media che pesa 278 euro al mese. In base agli ultimi dati l&#8217;aumento dei &#8220;prestiti personali&#8221; \u00e8 pari all&#8217;11,3% ma restano prevalenti i cosiddetti &#8220;prestiti finalizzati&#8221;, ovvero collegati all&#8217;acquisto di beni o servizi da restituire a rate. Qui, a trainare [&hellip;]","protected":false},"author":6,"featured_media":83381,"comment_status":"open","ping_status":"open","sticky":false,"template":"","format":"standard","meta":{"_acf_changed":false,"footnotes":""},"categories":[3662],"tags":[],"class_list":["post-83372","post","type-post","status-publish","format-standard","has-post-thumbnail","hentry","category-puntate-2024-2025"],"acf":[],"aioseo_notices":[],"featured_image_url":"https:\/\/www.tv2000.it\/siamonoi\/wp-content\/uploads\/sites\/11\/2025\/02\/siamo-noi-28-1024x576.jpg","_links":{"self":[{"href":"https:\/\/www.tv2000.it\/siamonoi\/wp-json\/wp\/v2\/posts\/83372","targetHints":{"allow":["GET"]}}],"collection":[{"href":"https:\/\/www.tv2000.it\/siamonoi\/wp-json\/wp\/v2\/posts"}],"about":[{"href":"https:\/\/www.tv2000.it\/siamonoi\/wp-json\/wp\/v2\/types\/post"}],"author":[{"embeddable":true,"href":"https:\/\/www.tv2000.it\/siamonoi\/wp-json\/wp\/v2\/users\/6"}],"replies":[{"embeddable":true,"href":"https:\/\/www.tv2000.it\/siamonoi\/wp-json\/wp\/v2\/comments?post=83372"}],"version-history":[{"count":1,"href":"https:\/\/www.tv2000.it\/siamonoi\/wp-json\/wp\/v2\/posts\/83372\/revisions"}],"predecessor-version":[{"id":83383,"href":"https:\/\/www.tv2000.it\/siamonoi\/wp-json\/wp\/v2\/posts\/83372\/revisions\/83383"}],"wp:featuredmedia":[{"embeddable":true,"href":"https:\/\/www.tv2000.it\/siamonoi\/wp-json\/wp\/v2\/media\/83381"}],"wp:attachment":[{"href":"https:\/\/www.tv2000.it\/siamonoi\/wp-json\/wp\/v2\/media?parent=83372"}],"wp:term":[{"taxonomy":"category","embeddable":true,"href":"https:\/\/www.tv2000.it\/siamonoi\/wp-json\/wp\/v2\/categories?post=83372"},{"taxonomy":"post_tag","embeddable":true,"href":"https:\/\/www.tv2000.it\/siamonoi\/wp-json\/wp\/v2\/tags?post=83372"}],"curies":[{"name":"wp","href":"https:\/\/api.w.org\/{rel}","templated":true}]}}