{"id":5844,"date":"2017-11-20T14:10:58","date_gmt":"2017-11-20T13:10:58","guid":{"rendered":"http:\/\/www.tv2000.it\/tgtg\/?p=5844"},"modified":"2017-11-20T16:25:41","modified_gmt":"2017-11-20T15:25:41","slug":"inizia-20-novembre-1945-al-via-il-processo-di-norimberga-contro-24-criminali-di-guerra-nazisti-della-seconda-guerra-mondiale","status":"publish","type":"post","link":"https:\/\/www.tv2000.it\/tgtg\/2017\/11\/20\/inizia-20-novembre-1945-al-via-il-processo-di-norimberga-contro-24-criminali-di-guerra-nazisti-della-seconda-guerra-mondiale\/","title":{"rendered":"20 novembre 1945. Al via il processo di Norimberga contro 24 criminali di guerra nazisti del secondo conflitto mondiale"},"content":{"rendered":"<p>Norimberga, 1945. Il 20 novembre inizia il processo a carico dei gerarchi nazisti. L&#8217;accusa quello di essere complici di un regime che aveva dato vita a lager come Auschwitz-Birkenau e altri campi di sterminio dove furono internati e uccisi milioni di ebrei. Un\u2019industria della morte che ancora oggi deve far riflettere anche alla luce della stretta attualit\u00e0.\u00a0\u00a0I processi si tennero nel Palazzo di Giustizia della citt\u00e0 tedesca distrutta dai bombardamenti fino al 1\u00ba ottobre\u00a01946. La citt\u00e0 con Berlino\u00a0e\u00a0Monaco fu scelta in quanto simbolo del regime messo in piedi da Adolf Hitler.<\/p>\n<p>Il primo e pi\u00f9 famoso di questi processi fu proprio quello ai principali criminali di guerra. Il tribunale giudic\u00f2 ventiquattro dei pi\u00f9 importanti, tra generali e ufficiali superiori nazisti catturati. Tra questi\u00a0\u00a0Hermann G\u00f6ring, Rudolf Hess, Joachim von Ribbentrop, Wilhem Keitel, Karl D\u00f6nitz, Albert Raeder, Benedict von Schirach e Christoph\u00a0Sauckel.<\/p>\n<p>Ogni Paese che aveva vinto la Seconda guerra mondiale \u2013 Stati Uniti, Gran Bretagna, Unione Sovietica e Francia \u2013 indic\u00f2 un giudice e uno staff di procuratori dell\u2019accusa. Inoltre fu nominata una squadra di interpreti per la traduzione simultanea degli interventi in quattro lingue: inglese, francese, tedesco e russo.<\/p>\n<p>Su Norimberga sono stati scritti libri e prodotti film e documentari. Tra i libri pi\u00f9 interessanti si segnala &#8220;Il processo di Norimberga tra storia e giustizia&#8221; (UTET). Un film invece da rivedere \u00e8 &#8220;Vincitori e Vinti&#8221; di Stanley Kramer con Spencer Tracy nei panni del giudice Dan Haywood<\/p>\n<p>Vincenzo Grienti<\/p>\n<p>&nbsp;<\/p>\n<div class=\"fluid-embed-container\"><iframe title=\"20 novembre 1945: si apre il Processo di Norimberga\" width=\"640\" height=\"360\" src=\"https:\/\/www.youtube.com\/embed\/Qtwp1zWSpKg?feature=oembed\" frameborder=\"0\" allow=\"accelerometer; autoplay; clipboard-write; encrypted-media; gyroscope; picture-in-picture; web-share\" referrerpolicy=\"strict-origin-when-cross-origin\" allowfullscreen><\/iframe><\/div>\n","protected":false},"excerpt":{"rendered":"Norimberga, 1945. Il 20 novembre inizia il processo a carico dei gerarchi nazisti. L&#8217;accusa quello di essere complici di un regime che aveva dato vita a lager come Auschwitz-Birkenau e altri campi di sterminio dove furono internati e uccisi milioni di ebrei. Un\u2019industria della morte che ancora oggi deve far riflettere anche alla luce della [&hellip;]","protected":false},"author":5,"featured_media":5845,"comment_status":"open","ping_status":"open","sticky":false,"template":"","format":"standard","meta":{"_acf_changed":false,"footnotes":""},"categories":[464],"tags":[465],"class_list":["post-5844","post","type-post","status-publish","format-standard","has-post-thumbnail","hentry","category-almanacco","tag-almanacco"],"acf":[],"aioseo_notices":[],"featured_image_url":"https:\/\/www.tv2000.it\/tgtg\/wp-content\/uploads\/sites\/17\/2017\/11\/norimberga-1024x791.jpg","_links":{"self":[{"href":"https:\/\/www.tv2000.it\/tgtg\/wp-json\/wp\/v2\/posts\/5844","targetHints":{"allow":["GET"]}}],"collection":[{"href":"https:\/\/www.tv2000.it\/tgtg\/wp-json\/wp\/v2\/posts"}],"about":[{"href":"https:\/\/www.tv2000.it\/tgtg\/wp-json\/wp\/v2\/types\/post"}],"author":[{"embeddable":true,"href":"https:\/\/www.tv2000.it\/tgtg\/wp-json\/wp\/v2\/users\/5"}],"replies":[{"embeddable":true,"href":"https:\/\/www.tv2000.it\/tgtg\/wp-json\/wp\/v2\/comments?post=5844"}],"version-history":[{"count":5,"href":"https:\/\/www.tv2000.it\/tgtg\/wp-json\/wp\/v2\/posts\/5844\/revisions"}],"predecessor-version":[{"id":5856,"href":"https:\/\/www.tv2000.it\/tgtg\/wp-json\/wp\/v2\/posts\/5844\/revisions\/5856"}],"wp:featuredmedia":[{"embeddable":true,"href":"https:\/\/www.tv2000.it\/tgtg\/wp-json\/wp\/v2\/media\/5845"}],"wp:attachment":[{"href":"https:\/\/www.tv2000.it\/tgtg\/wp-json\/wp\/v2\/media?parent=5844"}],"wp:term":[{"taxonomy":"category","embeddable":true,"href":"https:\/\/www.tv2000.it\/tgtg\/wp-json\/wp\/v2\/categories?post=5844"},{"taxonomy":"post_tag","embeddable":true,"href":"https:\/\/www.tv2000.it\/tgtg\/wp-json\/wp\/v2\/tags?post=5844"}],"curies":[{"name":"wp","href":"https:\/\/api.w.org\/{rel}","templated":true}]}}