{"id":6166,"date":"2017-12-19T20:06:49","date_gmt":"2017-12-19T19:06:49","guid":{"rendered":"http:\/\/www.tv2000.it\/tgtg\/?p=6166"},"modified":"2017-12-19T20:07:22","modified_gmt":"2017-12-19T19:07:22","slug":"20-dicembre-1981-giovanni-paolo-ii-esorta-il-mondo-a-pregare-per-la-polonia-stretta-nella-morsa-delle-leggi-marziali","status":"publish","type":"post","link":"https:\/\/www.tv2000.it\/tgtg\/2017\/12\/19\/20-dicembre-1981-giovanni-paolo-ii-esorta-il-mondo-a-pregare-per-la-polonia-stretta-nella-morsa-delle-leggi-marziali\/","title":{"rendered":"20 dicembre 1981. Giovanni Paolo II esorta il mondo a pregare per la Polonia stretta nella morsa delle leggi marziali"},"content":{"rendered":"<p>Una settimana dopo che le sorti della Polonia erano state gi\u00e0 decise dal generale Jaruzelski con la scelta della \u00absoluzione interna\u00bb e l\u2019avvio delle leggi marziali, Giovanni Paolo II fa sentire la sua voce in occasione dell&#8217;Angelus del 20 dicembre 1981. Il Paese polacco si trovava sotto scacco, in uno \u00abstato di guerra\u00bb che fino all\u2019ultimo momento era stato scongiurato dal cardinale Glemp con l&#8217;invi\u00f2 di una lettera a Jaruzleski. Purtroppo, per\u00f2, il 13 dicembre i carri armati erano giunti nella citt\u00e0 di Varsavia e via via in tutti gli altri centri. Appresa la notizia Giovanni Paolo II il 20 dicembre del 1981 fece sentire la sua voce durante l\u2019<em>Angelus<\/em> consapevole che, quando la diplomazia vaticana non poteva arrivare attraverso l\u2019attivit\u00e0 ordinaria e tramite i nunzi apostolici e i contatti dell\u2019episcopato nazionale, come nel caso dell\u2019attivit\u00e0 del Primate Glemp nei confronti delle autorit\u00e0 polacche, poteva, forse, arrivare la voce del Papa:\u00a0\u00abDesidero raccomandare alla Genitrice di Dio la mia Patria, la Nazione di cui sono figlio. Da diverse parti ricevo assicurazioni di preghiere e di spirituale solidariet\u00e0. Sono profondamente grato per questo. Sono grato inoltre per la convinzione manifestata in questa circostanza che i problemi di cui si tratta in Polonia sono importanti per tutte le nazioni e le societ\u00e0, per l\u2019Europa e per il mondo contemporaneo. E perci\u00f2 continuo a chiedere a tutti la preghiera e la solidariet\u00e0 verso quel popolo, che ha diritto di poter vivere la propria vita nella pace e nel rispetto dei diritti umani. In modo particolare, invito a pregare per coloro che nei giorni scorsi hanno perso la vita o hanno riportato ferite, per gli arrestati e per quanti sono stati strappati dalle loro famiglie, e per le famiglie prive dei loro cari\u00bb.<\/p>\n<p><a href=\"http:\/\/www.tv2000.it\/tgtg\/wp-content\/uploads\/sites\/17\/2017\/12\/PaeseSera.jpg\"><img decoding=\"async\" class=\"size-medium wp-image-6167 alignleft\" src=\"http:\/\/www.tv2000.it\/tgtg\/wp-content\/uploads\/sites\/17\/2017\/12\/PaeseSera-300x265.jpg\" alt=\"\" width=\"300\" height=\"265\" srcset=\"https:\/\/www.tv2000.it\/tgtg\/wp-content\/uploads\/sites\/17\/2017\/12\/PaeseSera-300x265.jpg 300w, https:\/\/www.tv2000.it\/tgtg\/wp-content\/uploads\/sites\/17\/2017\/12\/PaeseSera-31x27.jpg 31w, https:\/\/www.tv2000.it\/tgtg\/wp-content\/uploads\/sites\/17\/2017\/12\/PaeseSera-280x247.jpg 280w, https:\/\/www.tv2000.it\/tgtg\/wp-content\/uploads\/sites\/17\/2017\/12\/PaeseSera.jpg 594w\" sizes=\"(max-width: 300px) 100vw, 300px\" \/><\/a>Le esternazioni di Giovanni Paolo II inquadrarono la situazione polacca in un quadro politico e diplomatico internazionale che esulava dalla situazione prettamente interna.\u00a0 In Polonia si era cercato di invocare come plausibile giustificazione all\u2019introduzione dello \u00abstato di guerra\u00bb il crollo economico del Paese e la presunta minaccia di un colpo di stato da parte di Solidarnosc.<\/p>\n<p>Davanti ai decreti del Consiglio di Stato, la limitazione dei basilari diritti civici, gli arresti, gli internamenti, lo scioglimento dello stesso sindacato guidato da Lech Walesa dichiarato illegale, cos\u00ec come le numerose organizzazioni (tra cui l\u2019Unione Autonoma degli Studenti, l\u2019Associazione dei Giornalisti Polacchi, le unioni degli Artisti e degli Scrittori Polacchi, etc.), non passarono inosservate agli occhi del mondo e delle diplomazie occidentali.<\/p>\n<p>La situazione in Polonia venne seguita da tutti i giornali e le televisioni occidentali. Nella foto la prima pagina di <em>Paese Sera<\/em>,\u00a0 quotidiano del pomeriggio, che dedic\u00f2 numerosi approfondimenti alla questione.<\/p>\n<p>Il testo dell&#8217;<a href=\"https:\/\/w2.vatican.va\/content\/john-paul-ii\/it\/angelus\/1981\/documents\/hf_jp-ii_ang_19811220.html\">Angelus del 20 dicembre 1981<\/a> di Giovanni Paolo II<\/p>\n<p>Vincenzo Grienti<\/p>\n<p><a href=\"#_ftnref1\" name=\"_ftn1\"><\/a><\/p>\n<p>&nbsp;<\/p>\n","protected":false},"excerpt":{"rendered":"Una settimana dopo che le sorti della Polonia erano state gi\u00e0 decise dal generale Jaruzelski con la scelta della \u00absoluzione interna\u00bb e l\u2019avvio delle leggi marziali, Giovanni Paolo II fa sentire la sua voce in occasione dell&#8217;Angelus del 20 dicembre 1981. Il Paese polacco si trovava sotto scacco, in uno \u00abstato di guerra\u00bb che fino [&hellip;]","protected":false},"author":5,"featured_media":6167,"comment_status":"open","ping_status":"open","sticky":false,"template":"","format":"standard","meta":{"_acf_changed":false,"footnotes":""},"categories":[464],"tags":[465],"class_list":["post-6166","post","type-post","status-publish","format-standard","has-post-thumbnail","hentry","category-almanacco","tag-almanacco"],"acf":[],"aioseo_notices":[],"featured_image_url":"https:\/\/www.tv2000.it\/tgtg\/wp-content\/uploads\/sites\/17\/2017\/12\/PaeseSera.jpg","_links":{"self":[{"href":"https:\/\/www.tv2000.it\/tgtg\/wp-json\/wp\/v2\/posts\/6166","targetHints":{"allow":["GET"]}}],"collection":[{"href":"https:\/\/www.tv2000.it\/tgtg\/wp-json\/wp\/v2\/posts"}],"about":[{"href":"https:\/\/www.tv2000.it\/tgtg\/wp-json\/wp\/v2\/types\/post"}],"author":[{"embeddable":true,"href":"https:\/\/www.tv2000.it\/tgtg\/wp-json\/wp\/v2\/users\/5"}],"replies":[{"embeddable":true,"href":"https:\/\/www.tv2000.it\/tgtg\/wp-json\/wp\/v2\/comments?post=6166"}],"version-history":[{"count":2,"href":"https:\/\/www.tv2000.it\/tgtg\/wp-json\/wp\/v2\/posts\/6166\/revisions"}],"predecessor-version":[{"id":6169,"href":"https:\/\/www.tv2000.it\/tgtg\/wp-json\/wp\/v2\/posts\/6166\/revisions\/6169"}],"wp:featuredmedia":[{"embeddable":true,"href":"https:\/\/www.tv2000.it\/tgtg\/wp-json\/wp\/v2\/media\/6167"}],"wp:attachment":[{"href":"https:\/\/www.tv2000.it\/tgtg\/wp-json\/wp\/v2\/media?parent=6166"}],"wp:term":[{"taxonomy":"category","embeddable":true,"href":"https:\/\/www.tv2000.it\/tgtg\/wp-json\/wp\/v2\/categories?post=6166"},{"taxonomy":"post_tag","embeddable":true,"href":"https:\/\/www.tv2000.it\/tgtg\/wp-json\/wp\/v2\/tags?post=6166"}],"curies":[{"name":"wp","href":"https:\/\/api.w.org\/{rel}","templated":true}]}}