{"id":1203,"date":"2020-05-11T21:24:08","date_gmt":"2020-05-11T19:24:08","guid":{"rendered":"http:\/\/www.tv2000.it\/today\/?p=1203"},"modified":"2020-05-18T17:51:22","modified_gmt":"2020-05-18T15:51:22","slug":"today-covid-il-mondo-e-cambiato-9-maggio-2020","status":"publish","type":"post","link":"https:\/\/www.tv2000.it\/today\/2020\/05\/11\/today-covid-il-mondo-e-cambiato-9-maggio-2020\/","title":{"rendered":"Covid, il mondo \u00e8 cambiato &#8211; 9 maggio 2020"},"content":{"rendered":"<p style=\"text-align: justify;\">Tra l\u2019emergenza sanitaria ancora in atto e i primi tentativi di ripresa, i Paesi alle prese con il COVID-19 attraversano fasi diverse. Sono per\u00f2 uniti dalla riscoperta della propria fragilit\u00e0. \u00c8 questo l\u2019argomento di Today, l\u2019approfondimento sull\u2019attualit\u00e0 internazionale condotto da Andrea Sarubbi.<\/p>\n<p>Dalle aperture della Svezia al coprifuoco in Per\u00f9, passando per le decisioni nazionali sulle attivit\u00e0 da riaprire e quelle da tenere chiuse, ogni Paese sta affrontando l\u2019emergenza COVID-19 in modo diverso. Le testimonianze di molti italiani all\u2019estero sono il filo rosso di Today, che cerca di raccontare la pandemia anche nelle parti del mondo pi\u00f9 dimenticate e di analizzare i problemi aperti: il ruolo dell\u2019Europa, le tensioni internazionali, l\u2019impatto delle chiusure sull\u2019economia e in particolare sulla vita quotidiana delle persone a varie latitudini, la fatica dei ceti pi\u00f9 poveri. Il reportage di Solen De Luca offre un quadro globale del momento attuale, mentre Andrea Sarubbi approfondisce i temi con gli ospiti in collegamento.<\/p>\n<p>La puntata, aperta da una copertina sulle parole di Papa Francesco, sar\u00e0 chiusa come sempre con un riferimento all\u2019arte. In questo caso, Ada Nardacchione racconta le opere di Til Kolare, un artista digitale e produttore musicale tedesco, che ha riprodotto capolavori di ogni epoca attualizzandoli al tempo del COVID-19.<\/p>\n<div class=\"fluid-embed-container\"><iframe title=\"Today - Covid, il mondo \u00e8 cambiato - 9 maggio 2020\" width=\"640\" height=\"360\" src=\"https:\/\/www.youtube.com\/embed\/p12n7KV7Pjk?feature=oembed\" frameborder=\"0\" allow=\"accelerometer; autoplay; clipboard-write; encrypted-media; gyroscope; picture-in-picture; web-share\" referrerpolicy=\"strict-origin-when-cross-origin\" allowfullscreen><\/iframe><\/div>\n","protected":false},"excerpt":{"rendered":"Tra l\u2019emergenza sanitaria ancora in atto e i primi tentativi di ripresa, i Paesi alle prese con il COVID-19 attraversano fasi diverse. Sono per\u00f2 uniti dalla riscoperta della propria fragilit\u00e0. \u00c8 questo l\u2019argomento di Today, l\u2019approfondimento sull\u2019attualit\u00e0 internazionale condotto da Andrea Sarubbi. Dalle aperture della Svezia al coprifuoco in Per\u00f9, passando per le decisioni nazionali [&hellip;]","protected":false},"author":6,"featured_media":1204,"comment_status":"open","ping_status":"open","sticky":false,"template":"","format":"standard","meta":{"_acf_changed":false,"footnotes":""},"categories":[1],"tags":[75],"class_list":["post-1203","post","type-post","status-publish","format-standard","has-post-thumbnail","hentry","category-notizie","tag-coronavirus"],"acf":[],"aioseo_notices":[],"featured_image_url":"https:\/\/www.tv2000.it\/today\/wp-content\/uploads\/sites\/28\/2020\/05\/Today-coronavirus-9-maggio-2020-1024x573.jpg","_links":{"self":[{"href":"https:\/\/www.tv2000.it\/today\/wp-json\/wp\/v2\/posts\/1203","targetHints":{"allow":["GET"]}}],"collection":[{"href":"https:\/\/www.tv2000.it\/today\/wp-json\/wp\/v2\/posts"}],"about":[{"href":"https:\/\/www.tv2000.it\/today\/wp-json\/wp\/v2\/types\/post"}],"author":[{"embeddable":true,"href":"https:\/\/www.tv2000.it\/today\/wp-json\/wp\/v2\/users\/6"}],"replies":[{"embeddable":true,"href":"https:\/\/www.tv2000.it\/today\/wp-json\/wp\/v2\/comments?post=1203"}],"version-history":[{"count":3,"href":"https:\/\/www.tv2000.it\/today\/wp-json\/wp\/v2\/posts\/1203\/revisions"}],"predecessor-version":[{"id":1209,"href":"https:\/\/www.tv2000.it\/today\/wp-json\/wp\/v2\/posts\/1203\/revisions\/1209"}],"wp:featuredmedia":[{"embeddable":true,"href":"https:\/\/www.tv2000.it\/today\/wp-json\/wp\/v2\/media\/1204"}],"wp:attachment":[{"href":"https:\/\/www.tv2000.it\/today\/wp-json\/wp\/v2\/media?parent=1203"}],"wp:term":[{"taxonomy":"category","embeddable":true,"href":"https:\/\/www.tv2000.it\/today\/wp-json\/wp\/v2\/categories?post=1203"},{"taxonomy":"post_tag","embeddable":true,"href":"https:\/\/www.tv2000.it\/today\/wp-json\/wp\/v2\/tags?post=1203"}],"curies":[{"name":"wp","href":"https:\/\/api.w.org\/{rel}","templated":true}]}}