{"id":1226,"date":"2020-06-06T23:55:03","date_gmt":"2020-06-06T21:55:03","guid":{"rendered":"http:\/\/www.tv2000.it\/today\/?p=1226"},"modified":"2020-06-08T18:10:34","modified_gmt":"2020-06-08T16:10:34","slug":"today-america-latina-la-tempesta-perfetta-6-giugno-2020","status":"publish","type":"post","link":"https:\/\/www.tv2000.it\/today\/2020\/06\/06\/today-america-latina-la-tempesta-perfetta-6-giugno-2020\/","title":{"rendered":"#Today &#8211; America Latina, la tempesta perfetta &#8211; 6 giugno 2020"},"content":{"rendered":"<p>Tra emergenza sanitaria e tensioni politiche, \u00e8 un momento drammatico per l\u2019America Latina. In Cile il COVID non ha fermato le violenze, in Bolivia ha portato al rinvio delle elezioni, in Venezuela ha aggravato la crisi umanitaria, in Argentina ha fatto a pezzi l\u2019economia, in Brasile sta causando un numero enorme di morti. Mentre l\u2019Europa comincia a guardare alla ripresa dopo il lockdown, l\u2019America Latina \u00e8 nel pieno dell\u2019emergenza COVID: \u00e8 il momento in cui la pandemia sta raggiungendo il picco, con numeri record di decessi giorno dopo giorno. Il Brasile \u2013 Amazzonia compresa, come ha ricordato domenica scorsa Papa Francesco \u2013 \u00e8 uno dei nuovi focolai mondiali del virus, ma il presidente Bolsonaro ha gi\u00e0 licenziato due ministri della Sanit\u00e0 perch\u00e9 contrario alle misure di isolamento. L\u2019Argentina sembra ormai prossima al default, il Per\u00f9 \u2013 altro focolaio \u2013 \u00e8 diviso tra una parte della popolazione pi\u00f9 garantita e una parte senza nessun ammortizzatore sociale o economico. Anche il Venezuela in crisi umanitaria, isolato fino a qualche mese fa, ha visto arrivare il COVID insieme ai suoi connazionali rientrati dai Paesi confinanti, dove erano andati a cercare lavoro. Cile e Bolivia, che attraversavano un momento delicatissimo dal punto di vista politico e sociale, sono al centro dei reportage; ospiti di Andrea Sarubbi sono Lucia Capuzzi, giornalista di Avvenire esperta di America Latina, e Nicola Bilotta, economista e ricercatore dell\u2019Istituto Affari Internazionali. Completano il quadro le testimonianze di vari italiani all\u2019estero: da Messico, Venezuela, Argentina, Brasile, Amazzonia, Per\u00f9. La puntata si chiude all\u2019insegna dell\u2019arte, in particolare della musica: nemmeno un momento difficile come la pandemia, infatti, ha fermato l\u2019energia dei cantanti latinoamericani, che in vari Paesi hanno dedicato canzoni \u2013 a volte ironiche, altre volte didascaliche \u2013 al virus e al lockdown.<\/p>\n<div class=\"fluid-embed-container\"><iframe title=\"#Today - America Latina, la tempesta perfetta\" width=\"640\" height=\"360\" src=\"https:\/\/www.youtube.com\/embed\/co8-OzSZ8v0?feature=oembed\" frameborder=\"0\" allow=\"accelerometer; autoplay; clipboard-write; encrypted-media; gyroscope; picture-in-picture; web-share\" referrerpolicy=\"strict-origin-when-cross-origin\" allowfullscreen><\/iframe><\/div>\n","protected":false},"excerpt":{"rendered":"Tra emergenza sanitaria e tensioni politiche, \u00e8 un momento drammatico per l\u2019America Latina. In Cile il COVID non ha fermato le violenze, in Bolivia ha portato al rinvio delle elezioni, in Venezuela ha aggravato la crisi umanitaria, in Argentina ha fatto a pezzi l\u2019economia, in Brasile sta causando un numero enorme di morti. Mentre l\u2019Europa [&hellip;]","protected":false},"author":9,"featured_media":1227,"comment_status":"open","ping_status":"open","sticky":false,"template":"","format":"standard","meta":{"_acf_changed":false,"footnotes":""},"categories":[1],"tags":[75],"class_list":["post-1226","post","type-post","status-publish","format-standard","has-post-thumbnail","hentry","category-notizie","tag-coronavirus"],"acf":[],"aioseo_notices":[],"featured_image_url":"https:\/\/www.tv2000.it\/today\/wp-content\/uploads\/sites\/28\/2020\/06\/today0606-1024x581.jpg","_links":{"self":[{"href":"https:\/\/www.tv2000.it\/today\/wp-json\/wp\/v2\/posts\/1226","targetHints":{"allow":["GET"]}}],"collection":[{"href":"https:\/\/www.tv2000.it\/today\/wp-json\/wp\/v2\/posts"}],"about":[{"href":"https:\/\/www.tv2000.it\/today\/wp-json\/wp\/v2\/types\/post"}],"author":[{"embeddable":true,"href":"https:\/\/www.tv2000.it\/today\/wp-json\/wp\/v2\/users\/9"}],"replies":[{"embeddable":true,"href":"https:\/\/www.tv2000.it\/today\/wp-json\/wp\/v2\/comments?post=1226"}],"version-history":[{"count":1,"href":"https:\/\/www.tv2000.it\/today\/wp-json\/wp\/v2\/posts\/1226\/revisions"}],"predecessor-version":[{"id":1228,"href":"https:\/\/www.tv2000.it\/today\/wp-json\/wp\/v2\/posts\/1226\/revisions\/1228"}],"wp:featuredmedia":[{"embeddable":true,"href":"https:\/\/www.tv2000.it\/today\/wp-json\/wp\/v2\/media\/1227"}],"wp:attachment":[{"href":"https:\/\/www.tv2000.it\/today\/wp-json\/wp\/v2\/media?parent=1226"}],"wp:term":[{"taxonomy":"category","embeddable":true,"href":"https:\/\/www.tv2000.it\/today\/wp-json\/wp\/v2\/categories?post=1226"},{"taxonomy":"post_tag","embeddable":true,"href":"https:\/\/www.tv2000.it\/today\/wp-json\/wp\/v2\/tags?post=1226"}],"curies":[{"name":"wp","href":"https:\/\/api.w.org\/{rel}","templated":true}]}}