{"id":148791,"date":"2024-02-29T13:38:41","date_gmt":"2024-02-29T12:38:41","guid":{"rendered":"https:\/\/www.tv2000.it\/ufficiostampa\/?p=148791"},"modified":"2024-02-29T13:38:41","modified_gmt":"2024-02-29T12:38:41","slug":"indagine-ai-confini-del-sacro-teologia-popolare-e-magistero-papa-francesco","status":"publish","type":"post","link":"https:\/\/www.tv2000.it\/ufficiostampa\/2024\/02\/29\/indagine-ai-confini-del-sacro-teologia-popolare-e-magistero-papa-francesco\/","title":{"rendered":"Indagine ai confini del sacro: teologia &#8220;popolare&#8221; e Magistero Papa Francesco"},"content":{"rendered":"<p style=\"text-align: center;\"><a href=\"https:\/\/www.tv2000.it\/ufficiostampa\/wp-content\/uploads\/sites\/31\/2020\/01\/Indagine-ai-confini-del-sacro-4-David-Murgia-2020-e1666703681818.jpg\"><img decoding=\"async\" class=\"aligncenter  wp-image-25416\" src=\"https:\/\/www.tv2000.it\/ufficiostampa\/wp-content\/uploads\/sites\/31\/2020\/01\/Indagine-ai-confini-del-sacro-4-David-Murgia-2020-e1666703681818-1024x818.jpg\" alt=\"\" width=\"382\" height=\"305\" srcset=\"https:\/\/www.tv2000.it\/ufficiostampa\/wp-content\/uploads\/sites\/31\/2020\/01\/Indagine-ai-confini-del-sacro-4-David-Murgia-2020-e1666703681818-1024x818.jpg 1024w, https:\/\/www.tv2000.it\/ufficiostampa\/wp-content\/uploads\/sites\/31\/2020\/01\/Indagine-ai-confini-del-sacro-4-David-Murgia-2020-e1666703681818-300x240.jpg 300w, https:\/\/www.tv2000.it\/ufficiostampa\/wp-content\/uploads\/sites\/31\/2020\/01\/Indagine-ai-confini-del-sacro-4-David-Murgia-2020-e1666703681818-768x613.jpg 768w, https:\/\/www.tv2000.it\/ufficiostampa\/wp-content\/uploads\/sites\/31\/2020\/01\/Indagine-ai-confini-del-sacro-4-David-Murgia-2020-e1666703681818-34x27.jpg 34w, https:\/\/www.tv2000.it\/ufficiostampa\/wp-content\/uploads\/sites\/31\/2020\/01\/Indagine-ai-confini-del-sacro-4-David-Murgia-2020-e1666703681818-280x224.jpg 280w, https:\/\/www.tv2000.it\/ufficiostampa\/wp-content\/uploads\/sites\/31\/2020\/01\/Indagine-ai-confini-del-sacro-4-David-Murgia-2020-e1666703681818-650x519.jpg 650w, https:\/\/www.tv2000.it\/ufficiostampa\/wp-content\/uploads\/sites\/31\/2020\/01\/Indagine-ai-confini-del-sacro-4-David-Murgia-2020-e1666703681818.jpg 1267w\" sizes=\"(max-width: 382px) 100vw, 382px\" \/><\/a><br \/>\n<em>Indagine ai confini del sacro, in onda luned\u00ec 4 marzo ore 22.35.<\/em><\/p>\n<p>Una serie di riflessioni per una Teologia sempre pi\u00f9 &#8220;popolare&#8221;, pi\u00f9 vicina al &#8220;popolo di Dio&#8221; per comprendere meglio il Magistero di Papa Francesco. I contributi sono del Prefetto del Dicastero per la Dottrina della Fede, cardinale Victor Manuel Fern\u00e1ndez; del Prefetto del Dicastero delle Cause dei Santi, cardinale Marcello Semeraro; del rettore Magnifico della Pontificia Universit\u00e0 Lateranense, arcivescovo Alfonso Amarante e del Decano di Teologia della Pontificia Universit\u00e0 Lateranense, mons. Angelo Lameri. Conduce David Murgia<\/p>\n","protected":false},"excerpt":{"rendered":"Indagine ai confini del sacro, in onda luned\u00ec 4 marzo ore 22.35. Una serie di riflessioni per una Teologia sempre pi\u00f9 &#8220;popolare&#8221;, pi\u00f9 vicina al &#8220;popolo di Dio&#8221; per comprendere meglio il Magistero di Papa Francesco. I contributi sono del Prefetto del Dicastero per la Dottrina della Fede, cardinale Victor Manuel Fern\u00e1ndez; del Prefetto del [&hellip;]","protected":false},"author":22,"featured_media":25416,"comment_status":"closed","ping_status":"open","sticky":false,"template":"","format":"standard","meta":{"_acf_changed":false,"footnotes":""},"categories":[10,7],"tags":[],"class_list":["post-148791","post","type-post","status-publish","format-standard","has-post-thumbnail","hentry","category-archivio-comunicati-stampa","category-programmi"],"acf":[],"aioseo_notices":[],"featured_image_url":"https:\/\/www.tv2000.it\/ufficiostampa\/wp-content\/uploads\/sites\/31\/2020\/01\/Indagine-ai-confini-del-sacro-4-David-Murgia-2020-e1666703681818-1024x818.jpg","_links":{"self":[{"href":"https:\/\/www.tv2000.it\/ufficiostampa\/wp-json\/wp\/v2\/posts\/148791","targetHints":{"allow":["GET"]}}],"collection":[{"href":"https:\/\/www.tv2000.it\/ufficiostampa\/wp-json\/wp\/v2\/posts"}],"about":[{"href":"https:\/\/www.tv2000.it\/ufficiostampa\/wp-json\/wp\/v2\/types\/post"}],"author":[{"embeddable":true,"href":"https:\/\/www.tv2000.it\/ufficiostampa\/wp-json\/wp\/v2\/users\/22"}],"replies":[{"embeddable":true,"href":"https:\/\/www.tv2000.it\/ufficiostampa\/wp-json\/wp\/v2\/comments?post=148791"}],"version-history":[{"count":1,"href":"https:\/\/www.tv2000.it\/ufficiostampa\/wp-json\/wp\/v2\/posts\/148791\/revisions"}],"predecessor-version":[{"id":148795,"href":"https:\/\/www.tv2000.it\/ufficiostampa\/wp-json\/wp\/v2\/posts\/148791\/revisions\/148795"}],"wp:featuredmedia":[{"embeddable":true,"href":"https:\/\/www.tv2000.it\/ufficiostampa\/wp-json\/wp\/v2\/media\/25416"}],"wp:attachment":[{"href":"https:\/\/www.tv2000.it\/ufficiostampa\/wp-json\/wp\/v2\/media?parent=148791"}],"wp:term":[{"taxonomy":"category","embeddable":true,"href":"https:\/\/www.tv2000.it\/ufficiostampa\/wp-json\/wp\/v2\/categories?post=148791"},{"taxonomy":"post_tag","embeddable":true,"href":"https:\/\/www.tv2000.it\/ufficiostampa\/wp-json\/wp\/v2\/tags?post=148791"}],"curies":[{"name":"wp","href":"https:\/\/api.w.org\/{rel}","templated":true}]}}