{"id":25285,"date":"2019-12-11T17:51:01","date_gmt":"2019-12-11T16:51:01","guid":{"rendered":"http:\/\/www.tv2000.it\/ufficiostampa\/?p=25285"},"modified":"2019-12-11T17:51:52","modified_gmt":"2019-12-11T16:51:52","slug":"siddi-tv2000-inblu-radio-confermato-presidente-confindustria-radio-tv","status":"publish","type":"post","link":"https:\/\/www.tv2000.it\/ufficiostampa\/2019\/12\/11\/siddi-tv2000-inblu-radio-confermato-presidente-confindustria-radio-tv\/","title":{"rendered":"Siddi (Tv2000-InBlu Radio) confermato presidente Confindustria Radio-Tv"},"content":{"rendered":"<p><a href=\"https:\/\/www.tv2000.it\/ufficiostampa\/wp-content\/uploads\/sites\/31\/2019\/12\/Franco-Siddi-Foto-Ansa.jpg\"><img decoding=\"async\" class=\"aligncenter wp-image-25286 size-large\" src=\"https:\/\/www.tv2000.it\/ufficiostampa\/wp-content\/uploads\/sites\/31\/2019\/12\/Franco-Siddi-Foto-Ansa-1024x803.jpg\" alt=\"\" width=\"640\" height=\"502\" srcset=\"https:\/\/www.tv2000.it\/ufficiostampa\/wp-content\/uploads\/sites\/31\/2019\/12\/Franco-Siddi-Foto-Ansa-1024x803.jpg 1024w, https:\/\/www.tv2000.it\/ufficiostampa\/wp-content\/uploads\/sites\/31\/2019\/12\/Franco-Siddi-Foto-Ansa-300x235.jpg 300w, https:\/\/www.tv2000.it\/ufficiostampa\/wp-content\/uploads\/sites\/31\/2019\/12\/Franco-Siddi-Foto-Ansa-768x602.jpg 768w, https:\/\/www.tv2000.it\/ufficiostampa\/wp-content\/uploads\/sites\/31\/2019\/12\/Franco-Siddi-Foto-Ansa-34x27.jpg 34w, https:\/\/www.tv2000.it\/ufficiostampa\/wp-content\/uploads\/sites\/31\/2019\/12\/Franco-Siddi-Foto-Ansa-280x220.jpg 280w, https:\/\/www.tv2000.it\/ufficiostampa\/wp-content\/uploads\/sites\/31\/2019\/12\/Franco-Siddi-Foto-Ansa-650x510.jpg 650w, https:\/\/www.tv2000.it\/ufficiostampa\/wp-content\/uploads\/sites\/31\/2019\/12\/Franco-Siddi-Foto-Ansa.jpg 1800w\" sizes=\"(max-width: 640px) 100vw, 640px\" \/><\/a><\/p>\n<p style=\"text-align: center;\"><em>Franco Siddi rappresenter\u00e0 nel Consiglio generale le due emittenti della Cei<\/em><\/p>\n<p style=\"text-align: center;\"><em>Presidente CRTV: \u201cOnorato per la fiducia. Tv2000 e InBlu Radio emittenti di qualit\u00e0\u201d<br \/>\n<\/em><em>Porfiri (Amministratore delegato Tv2000-inBlu Radio): \u201cOrgogliosi di essere rappresentati da Siddi, profondo conoscitore del settore\u201d<\/em><\/p>\n<p>Roma, 11 dicembre 2019. L\u2019Assemblea Generale di Confindustria Radio Televisioni (CRTV) ha confermato Franco Siddi presidente dell\u2019Associazione e ha rinnovato gli organi direttivi. Nella nuova composizione del Consiglio generale Siddi rappresenter\u00e0 Rete Blu Spa, la societ\u00e0 a cui fanno capo Tv2000 e InBlu Radio, le emittenti della Conferenza episcopale italiana.<br \/>\n\u201cSono onorato per la fiducia dei soci \u2013 sottolinea Franco Siddi &#8211; e grato in modo speciale all&#8217;editore che mi ha affidato incarico di rappresentanza associativa, Rete Blu Spa (Tv2000 e InBlu Radio), emittenti di segno ideale culturale specifico, che si guadagnano ogni giorno di pi\u00f9 un posto di rilievo per qualit\u00e0 e seriet\u00e0, nel rispetto delle differenze e delle opinioni, nel panorama plurale del settore. Un incarico che chiama perci\u00f2 ancora di pi\u00f9 alla responsabilit\u00e0, al rispetto e alla ricerca permanente di convergenza sugli interessi comuni di tutti gli associati\u201d.&nbsp;<br \/>\n\u201cSiamo orgogliosi di essere rappresentati e guidati in Confindustria Radio Televisioni&nbsp;\u2013 dichiara l\u2019amministratore delegato di Rete Blu Spa (Tv2000-InBlu Radio), Massimo Porfiri &#8211; da un professionista del calibro di Franco Siddi, profondo conoscitore del settore dei media televisivi e radiofonici italiani con una decennale esperienza nel campo giornalistico sindacale. Rete Blu Spa con la nomina di Siddi accresce la propria presenza e responsabilit\u00e0 all\u2019interno di Confindustria Radio-Tv tra gli associati che ricomprendono i maggiori operatori radiotelevisivi nazionali\u201d.<\/p>\n","protected":false},"excerpt":{"rendered":"Franco Siddi rappresenter\u00e0 nel Consiglio generale le due emittenti della Cei Presidente CRTV: \u201cOnorato per la fiducia. Tv2000 e InBlu Radio emittenti di qualit\u00e0\u201d Porfiri (Amministratore delegato Tv2000-inBlu Radio): \u201cOrgogliosi di essere rappresentati da Siddi, profondo conoscitore del settore\u201d Roma, 11 dicembre 2019. L\u2019Assemblea Generale di Confindustria Radio Televisioni (CRTV) ha confermato Franco Siddi presidente [&hellip;]","protected":false},"author":22,"featured_media":25286,"comment_status":"closed","ping_status":"open","sticky":false,"template":"","format":"standard","meta":{"_acf_changed":false,"footnotes":""},"categories":[10,2],"tags":[],"class_list":["post-25285","post","type-post","status-publish","format-standard","has-post-thumbnail","hentry","category-archivio-comunicati-stampa","category-comunicati"],"acf":[],"aioseo_notices":[],"featured_image_url":"https:\/\/www.tv2000.it\/ufficiostampa\/wp-content\/uploads\/sites\/31\/2019\/12\/Franco-Siddi-Foto-Ansa-1024x803.jpg","_links":{"self":[{"href":"https:\/\/www.tv2000.it\/ufficiostampa\/wp-json\/wp\/v2\/posts\/25285","targetHints":{"allow":["GET"]}}],"collection":[{"href":"https:\/\/www.tv2000.it\/ufficiostampa\/wp-json\/wp\/v2\/posts"}],"about":[{"href":"https:\/\/www.tv2000.it\/ufficiostampa\/wp-json\/wp\/v2\/types\/post"}],"author":[{"embeddable":true,"href":"https:\/\/www.tv2000.it\/ufficiostampa\/wp-json\/wp\/v2\/users\/22"}],"replies":[{"embeddable":true,"href":"https:\/\/www.tv2000.it\/ufficiostampa\/wp-json\/wp\/v2\/comments?post=25285"}],"version-history":[{"count":2,"href":"https:\/\/www.tv2000.it\/ufficiostampa\/wp-json\/wp\/v2\/posts\/25285\/revisions"}],"predecessor-version":[{"id":25288,"href":"https:\/\/www.tv2000.it\/ufficiostampa\/wp-json\/wp\/v2\/posts\/25285\/revisions\/25288"}],"wp:featuredmedia":[{"embeddable":true,"href":"https:\/\/www.tv2000.it\/ufficiostampa\/wp-json\/wp\/v2\/media\/25286"}],"wp:attachment":[{"href":"https:\/\/www.tv2000.it\/ufficiostampa\/wp-json\/wp\/v2\/media?parent=25285"}],"wp:term":[{"taxonomy":"category","embeddable":true,"href":"https:\/\/www.tv2000.it\/ufficiostampa\/wp-json\/wp\/v2\/categories?post=25285"},{"taxonomy":"post_tag","embeddable":true,"href":"https:\/\/www.tv2000.it\/ufficiostampa\/wp-json\/wp\/v2\/tags?post=25285"}],"curies":[{"name":"wp","href":"https:\/\/api.w.org\/{rel}","templated":true}]}}