{"id":26461,"date":"2020-04-09T09:51:20","date_gmt":"2020-04-09T07:51:20","guid":{"rendered":"http:\/\/www.tv2000.it\/ufficiostampa\/?p=26461"},"modified":"2020-04-10T16:01:09","modified_gmt":"2020-04-10T14:01:09","slug":"pasqua-le-celebrazioni-della-settimana-santa-con-il-papa-in-diretta-su-tv2000-2","status":"publish","type":"post","link":"https:\/\/www.tv2000.it\/ufficiostampa\/2020\/04\/09\/pasqua-le-celebrazioni-della-settimana-santa-con-il-papa-in-diretta-su-tv2000-2\/","title":{"rendered":"Pasqua, le celebrazioni della Settimana Santa con il Papa in diretta su Tv2000"},"content":{"rendered":"<p style=\"text-align: center;\"><em>Film: \u2018Ges\u00f9 di Nazareth di Zeffirelli\u2019 e \u2018La Bibbia\u2019 di John Hudston<\/em><br \/>\n<em>Documentari: \u2018I riti della settimana santa\u2019 e &#8216;La pittura pi\u00f9 bella del mondo&#8217;<\/em><\/p>\n<p style=\"text-align: center;\"><em>Tra i momenti di preghiera la Via Crucis da Amatrice e l\u2019ostensione straordinaria a Torino della Sindone<\/em><\/p>\n<p>Roma, 7 aprile 2020. Programmazione speciale di Tv2000 (canale 28 e 157 Sky) dedicata alla Pasqua e alla Settimana Santa. L\u2019emittente della Cei, in collaborazione con Vatican Media, trasmette le seguenti dirette con Papa Francesco: gioved\u00ec 9 alle 18 la Messa in Coena Domini; venerd\u00ec 10 alle ore 18 in diretta la celebrazione della Passione e alle 21.00 la Via Crucis sul sagrato della Basilica di san Pietro in Vaticano; sabato 11 alle ore 21 in diretta dalla basilica vaticana la veglia pasquale; domenica 12 aprile alle 11 la messa di Pasqua e la benedizione \u2018Urbi et Orbi\u2019 e alle 21.05 l\u2019intervista integrale a Papa Francesco protagonista del programma \u2018Io Credo\u2019; luned\u00ec 13 aprile alle ore 12 la recita della preghiera Regina Coeli.<\/p>\n<p>La programmazione speciale della Settimana Santa prevede anche la veglia di preghiera \u2018Con Ges\u00f9 nell\u2019orto degli ulivi\u2019 dalla basilica del Getsemani, gioved\u00ec 9 aprile alle ore 20, la Via Crucis da Amatrice con il vescovo di Rieti, mons. Domenico Pompili, venerd\u00ec 10 ore 16, e la ostensione straordinaria della Sindone accompagnata dalla preghiera dell&#8217;arcivescovo di Torino e custode pontifico del Telo, monsignor Cesare Nosiglia, in diretta sabato 11 aprile ore 17.<\/p>\n<p>Tra i film: \u2018La Bibbia\u2019 di John Huston, e \u2018Ges\u00f9 di Nazareth\u2019 di Franco Zeffirelli, in quattro puntate.<\/p>\n<p>Inoltre, tra i documentari: \u2018I riti della settimana santa\u2019 speciale del programma \u2018Indagine ai confini del sacro\u2019 di David Murgia e \u2018La pittura pi\u00f9 bella del mondo\u2019 dedicato alla \u2018Resurrezione\u2019 del pittore Piero della Francesca.<\/p>\n<p><strong>Celebrazioni con Papa Francesco su Tv2000<\/strong><\/p>\n<p>Gioved\u00ec 9<br \/>\n<em>ore 18.00 \u2013 Messa in Coena Domini<\/em><\/p>\n<p>Venerd\u00ec 10<br \/>\n<em>ore 18.00- Celebrazione della Passione<\/em><br \/>\n<em>ore 21.00- Via Crucis<\/em><\/p>\n<p>Sabato 11<br \/>\n<em>ore 21- Veglia Pasquale<\/em><\/p>\n<p>Domenica 12<br \/>\n<em>ore 11.00 Messa della domenica di Pasqua e benedizione \u2018Urbi et Orbi\u2019<\/em><\/p>\n<p>Luned\u00ec 13<br \/>\n<em>ore 12.00- Recita della preghiera Regina Coeli da piazza San Pietro<\/em><\/p>\n<p><strong>Appuntamenti di preghiera<\/strong><\/p>\n<p>gioved\u00ec 9 ore 20<br \/>\n<em>Veglia di preghiera \u2018Con Ges\u00f9 nell&#8217;orto degli ulivi\u2019 dalla basilica del Getsemani<\/em><\/p>\n<p>venerd\u00ec 10 ore 16<br \/>\n<em>Via Crucis da Amatrice, con mons. Domenico Pompili<\/em><\/p>\n<p>sabato 11 aprile ore 17<br \/>\n<em>Ostensione straordinaria della Sindone con mons. Cesare Nosiglia<\/em><\/p>\n<p><strong>I film<\/strong><\/p>\n<p><em>Ges\u00f9 di Nazareth, di Franco Zeffirelli<\/em><br \/>\ngioved\u00ec 9 aprile ore 12.20 e 21.30 &#8211; Prima puntata<br \/>\nvenerd\u00ec 10 aprile ore 12.20 e 22.50 &#8211; Seconda puntata<br \/>\nsabato 11 aprile ore 12.20 e 22.30 &#8211; Terza puntata<br \/>\ndomenica 12 aprile ore 12.20 e 23.00 &#8211; Quarta puntata<\/p>\n<p><em>La Bibbia, di John Hudston<\/em><br \/>\nsabato 11 ore 8.30<\/p>\n<p><strong>I documentari<\/strong><\/p>\n<p><strong>Il Vangelo nell&#8217;arte<\/strong><br \/>\n<em>gioved\u00ec 9 ore 16 \u2018Il gioved\u00ec santo\u2019<\/em><br \/>\n<em>domenica 12 ore 9.20 \u2018La vita dopo la morte\u2019<\/em><br \/>\nIl racconto evangelico, cos\u00ec come l\u2019hanno proposto nel corso dei secoli gli artisti. Le storie della vita di Cristo narrate attraverso l\u2019opera di pittori e scultori, ma anche di incisori, orafi e tessitori di arazzi. Tele, tavole, cicli di affreschi, sculture in legno, in marmo, in bronzo, ceramiche, stoffe preziose, raccontano di volta in volta un episodio o un momento significativo della vicenda evangelica. Il Vangelo nell\u2019arte \u00e8 un viaggio nella storia artistica dell\u2019Occidente per mettere in luce la fortuna dei diversi episodi della storia sacra, dal Medioevo al Rinascimento all\u2019et\u00e0 della Controriforma, illustrando una parte della vita di Ges\u00f9, con citazioni dai vangeli canonici, dagli apocrifi e da testi che gli artisti hanno utilizzato come fonti. Di Luca Criscenti.<\/p>\n<p><strong>La pittura pi\u00f9 bella del mondo<\/strong><br \/>\n<em>gioved\u00ec 9 ore 16.30<\/em><br \/>\n\u2018La Resurrezione\u2019 di Piero della Francesca come non \u00e8 stata mai vista. Dopo un attento restauro e una lunga campagna di ricerche, che ha svelato aspetti nuovi e inediti di una delle opere pi\u00f9 celebri del maestro di Sansepolcro, il documentario propone un viaggio dentro un\u2019opera d\u2019arte che ha affascinato per secoli intellettuali ed artisti, con la guida dello storico dell\u2019arte Tomaso Montanari e le voci degli studiosi e dei restauratori. Nella cornice di uno dei borghi pi\u00f9 affascinanti della Valtiberina. Di Luca Criscenti.<\/p>\n<p><strong>Indagini ai confini del sacro \u2013 I riti della settimana santa<\/strong><br \/>\n<em>sabato 11 aprile ore 14<\/em><br \/>\nDalle suggestive processioni al rito penitenziale dei \u201cbattenti\u201d. Dalle \u201cfracchie\u201d alla cerimonia dei \u201cvattienti\u201d passando per la millenaria recita dell\u2019Ufficio delle Tenebre. Puntata speciale di \u2018Indagine ai Confini del Sacro\u2019 di David Murgia per raccontare gli straordinari riti della Settimana Santa che si svolgono in tutta Italia per celebrare la Passione di Cristo.<br \/>\nLe telecamere di tv2000 raccontano la processione pi\u00f9 suggestiva di tutta la Sicilia che si svolge ad Enna dove pi\u00f9 di 1500 partecipanti nei tradizionali costumi sfilano in doppia fila per le vie della citt\u00e0 con lunghi camici bianchi, cappucci a corno, corone di spine sul cappuccio.<br \/>\nPoi la protagonista \u00e8 la Puglia, con San Marco in Lamis (in provincia di Taranto) dove si snoda una processione forse unica al mondo: la processione della Vergine Addolorata con l\u2019accompagnamento delle \u201cfracchie\u201d, enormi fal\u00f2 che vengono trainati a braccia ed accesi per illuminare il cammino della Vergine che per le vie della citt\u00e0 va in cerca del figlio morto; e sempre in Puglia, a Monte Sant\u2019Angelo si assiste alla recita dell\u2019 \u201cUfficio delle Tenebre\u201d con le \u201cLamentazioni\u201d a cui seguono gli affascinanti riti del \u201cMiserere\u201d e del \u201cTerremoto\u201d.<br \/>\nInfine, il rito dei \u201cbattenti\u201d che si svolge a San Lorenzo Maggiore (Benevento) e quello dei \u201cvattenti\u201d di Nocera Terinese (Catanzaro).<\/p>\n<p><strong>Alla ricerca del volto di Ges\u00f9<\/strong><br \/>\n<em>sabato 11 aprile ore 16<\/em><br \/>\nDocumentario di Luca Trovellesi Cesana. Un\u2019avvincente storia di fede, intrighi e colpi di scena, in cui molti quesiti rimangono irrisolti. Il Volto di Cristo \u00e8 infatti una delle immagini pi\u00f9 venerate nella storia dell\u2019uomo, punto di riferimento per milioni di fedeli, oggetto di studio per scienziati e ricercatori che da sempre si interrogano sulla sua storicit\u00e0. Dal I secolo in poi si sono avvicendate delle immagini \u201cacheropite\u201d (miracolose), usate come modello dagli artisti di tutto il mondo per riprodurre fedelmente il Suo volto. Tra queste, la pi\u00f9 nota \u00e8 sicuramente la Sindone di Torino. Ma prima di lei, per secoli, la cristianit\u00e0 ha adorato un\u2019altra reliquia conosciuta come velo della Veronica, al centro di un vero e proprio giallo storico-teologico. Custodito nella basilica di San Pietro sin dal XII secolo, si dice che fu rubato nel 1527 secolo durante il Sacco di Roma. Ma allora, dove \u00e8 finito il vero Velo della Veronica? Alcuni sostengono che si tratti del \u201cVolto Santo\u201d custodito a Manoppello, in Abruzzo, dai Frati Cappuccini, che effettivamente presenta caratteristiche straordinarie, come la trasparenza, la visiblit\u00e0 perfetta da entrambe le parti, l\u2019assenza di residui di colore. Ma un aspetto ancor piu intrigante \u00e8 che, sovrapponendolo al volto della Sacra Sindone, ne risulta una perfetta compatibilit\u00e0. Effettuando lo stesso esperimento con un\u2019altra importante reliquia, il Sudario di Oviedo, emerge anche in questo caso una straordinaria corrispondenza.<\/p>\n<p><strong>Segnati da Dio \u2013 Padre Pio<\/strong><br \/>\n<em>Sabato 11 ore 19<\/em><br \/>\ndi Luca Trovellesi Cesana<br \/>\nSan Pio di Pietrelcina, meglio conosciuto come Padre Pio, era un frate cappuccino, erede spirituale di San Francesco d\u2019Assisi. Nato nel 1887 \u00e8 stato il primo sacerdote a portare impressi sul proprio corpo i segni della crocifissione, per ben 50 anni della sua vita. \u00c8 famoso e venerato in tutto il mondo per i fenomeni soprannaturali che caratterizzarono tutta la sua straordinaria esperienza, oltre alle stigmate, sanazioni, bilocazioni e chiaroveggenza. Il fenomeno delle stigmate lo accompagna fino a poco prima di morire (23 settembre 1968), quando misteriosamente scomparvero dal suo corpo. Persino dopo la sua morte si sono verificate numerose guarigioni e conversioni per sua intercessione. Un\u2019indagine avvincente su una delle anime pi\u00f9 profondamente \u201csegnate da Dio\u201d in tutta la storia della Cristianit\u00e0.<\/p>\n<p><strong>La Nona di Beethoven<\/strong><br \/>\n<em>domenica 12 aprile ore 9.45<\/em><br \/>\nLa Nona sinfonia di Beethoven eseguita nella Chiesa parrocchiale di San Giovanni Battista in Carpenedolo. Partecipano: il coro Santa Maria Maddalena di Desenzano, la corale Ars Novadi Carpenedolo, la corale Giovanile Acanthus di Carpenedolo, la colale Santa Giulia di Paitone e l\u2019orchestra del Ned Ensemble. Con il soprano Nadia Engheben, il mezzosoprano Romina Tomasoni, il tenore Ivan Defabiani e il baritono Luke Mllugia.<\/p>\n<p><strong>Io Credo<\/strong><br \/>\n<em>domenica 12 aprile ore 21.05<\/em><br \/>\nPapa Francesco dialoga con don Marco Pozza sul significato del Credo.<\/p>\n<p><strong>Concerto \u2018Frammenti di luce\u2019<\/strong><br \/>\n<em>Luned\u00ec 13 aprile ore 23.10<\/em><br \/>\nEvangelizzare attraverso l\u2019arte e la cultura: dalla Cattedrale di Santissima Maria Assunta e San Catello in Castellammare di Stabia (NA) un concerto inedito su san Pedro d\u2019Alcantara in occasione del 150\u00b0 anniversario di Fondazione delle suore Francescane Alcantarine. La profonda spiritualit\u00e0 del santo permette di vivere un percorso dove povert\u00e0, umilt\u00e0 e misericordia saranno la base di una speciale richiesta dell\u2019Amore di Dio. Una catechesi attraverso l\u2019arte \u00e8 quanto proposto dalla Fondazione \u2018Frammenti di luce\u2019.<\/p>\n","protected":false},"excerpt":{"rendered":"Film: \u2018Ges\u00f9 di Nazareth di Zeffirelli\u2019 e \u2018La Bibbia\u2019 di John Hudston Documentari: \u2018I riti della settimana santa\u2019 e &#8216;La pittura pi\u00f9 bella del mondo&#8217; Tra i momenti di preghiera la Via Crucis da Amatrice e l\u2019ostensione straordinaria a Torino della Sindone Roma, 7 aprile 2020. Programmazione speciale di Tv2000 (canale 28 e 157 Sky) [&hellip;]","protected":false},"author":48,"featured_media":26161,"comment_status":"closed","ping_status":"open","sticky":false,"template":"","format":"standard","meta":{"_acf_changed":false,"footnotes":""},"categories":[10,9],"tags":[],"class_list":["post-26461","post","type-post","status-publish","format-standard","has-post-thumbnail","hentry","category-archivio-comunicati-stampa","category-tv2000-informa"],"acf":[],"aioseo_notices":[],"featured_image_url":"https:\/\/www.tv2000.it\/ufficiostampa\/wp-content\/uploads\/sites\/31\/2020\/03\/Papa-Santa-Marta-10-marzo.jpeg","_links":{"self":[{"href":"https:\/\/www.tv2000.it\/ufficiostampa\/wp-json\/wp\/v2\/posts\/26461","targetHints":{"allow":["GET"]}}],"collection":[{"href":"https:\/\/www.tv2000.it\/ufficiostampa\/wp-json\/wp\/v2\/posts"}],"about":[{"href":"https:\/\/www.tv2000.it\/ufficiostampa\/wp-json\/wp\/v2\/types\/post"}],"author":[{"embeddable":true,"href":"https:\/\/www.tv2000.it\/ufficiostampa\/wp-json\/wp\/v2\/users\/48"}],"replies":[{"embeddable":true,"href":"https:\/\/www.tv2000.it\/ufficiostampa\/wp-json\/wp\/v2\/comments?post=26461"}],"version-history":[{"count":1,"href":"https:\/\/www.tv2000.it\/ufficiostampa\/wp-json\/wp\/v2\/posts\/26461\/revisions"}],"predecessor-version":[{"id":26462,"href":"https:\/\/www.tv2000.it\/ufficiostampa\/wp-json\/wp\/v2\/posts\/26461\/revisions\/26462"}],"wp:featuredmedia":[{"embeddable":true,"href":"https:\/\/www.tv2000.it\/ufficiostampa\/wp-json\/wp\/v2\/media\/26161"}],"wp:attachment":[{"href":"https:\/\/www.tv2000.it\/ufficiostampa\/wp-json\/wp\/v2\/media?parent=26461"}],"wp:term":[{"taxonomy":"category","embeddable":true,"href":"https:\/\/www.tv2000.it\/ufficiostampa\/wp-json\/wp\/v2\/categories?post=26461"},{"taxonomy":"post_tag","embeddable":true,"href":"https:\/\/www.tv2000.it\/ufficiostampa\/wp-json\/wp\/v2\/tags?post=26461"}],"curies":[{"name":"wp","href":"https:\/\/api.w.org\/{rel}","templated":true}]}}