{"id":3127,"date":"2015-10-02T17:06:06","date_gmt":"2015-10-02T15:06:06","guid":{"rendered":"http:\/\/www.radioinblu.it\/?p=3127"},"modified":"2015-10-02T17:06:06","modified_gmt":"2015-10-02T15:06:06","slug":"migranti-mons-galantino-vogliamo-imprenditori-della-speranza-non-della-paura","status":"publish","type":"post","link":"https:\/\/www.tv2000.it\/ufficiostampa\/2015\/10\/02\/migranti-mons-galantino-vogliamo-imprenditori-della-speranza-non-della-paura\/","title":{"rendered":"Migranti, mons. Galantino: \u201cVogliamo imprenditori della speranza non della paura\u201d."},"content":{"rendered":"<p><a href=\"http:\/\/www.tv2000.it\/radioinblu\/wp-content\/uploads\/sites\/5\/2015\/05\/galantinonews.jpg\"><img decoding=\"async\" class=\" size-medium wp-image-1092 alignright\" src=\"http:\/\/www.tv2000.it\/radioinblu\/wp-content\/uploads\/sites\/5\/2015\/05\/galantinonews-300x188.jpg\" alt=\"Mons Nunzio Galantino\" width=\"300\" height=\"188\" \/><\/a>Roma, 2 ottobre 2015 \u2013 Sull\u2019accoglienza ai migranti \u201cavremmo bisogno pi\u00f9 di imprenditori di speranza invece che imprenditori della paura. Tutto deve essere fatto con intelligenza, senza improvvisazione e pressapochismi\u201d. Lo ha detto il segretario generale della Cei, mons. Nunzio Galantino, ai microfoni di <em>inBlu Radio<\/em>, network delle radio cattoliche italiane.<\/p>\n<p>\u201cAbbiamo finito da pochi giorni \u2013 ha aggiunto mons. Galantino &#8211; un primo provvisorio censimento delle persone accolte nelle realt\u00e0 che direttamente hanno a che fare con la Chiesa cattolica italiana. Abbiamo censito oltre 27.000 persone che oggi sono accolte in nostre strutture. Questi sono solo quelli che sono stati accolti nelle realt\u00e0 direttamente dipendenti dalla Chiesa italiana ma ci sono anche altre realt\u00e0 che fanno capo comunque alle parrocchie e alle Caritas diocesane. Il Papa ha ragione a continuare a stimolarci perch\u00e9 la carit\u00e0 non ha limiti. Tutto questo deve essere fatto nel rispetto delle leggi,\u00a0 cos\u00ec vengono garantite queste persone\u201d che \u201cnon devono essere trattate come oggetti ma come soggetti\u201d.<br \/>\n\u201cQueste persone \u2013 ha proseguito mons. Galantino &#8211; non possono rimanere qui in eterno a bivaccare, aspettare e non vedere nemmeno le loro richieste prese in considerazione. Questo discorso riguarda noi ma anche chi ha delle responsabilit\u00e0 di governo. L\u2019Italia, lo ha ribadito il presidente Bagnasco, a differenza di altri paesi europei ha dimostrato di essere attenta a questo problema. Certo anche l\u2019Italia deve fare uno sforzo in pi\u00f9 e passare dall\u2019accoglienza alla programmazione per gli accolti\u201d.<\/p>\n<p><strong>\u00a0<\/strong><\/p>\n<p>\u201cBisogna guardare alla famiglia, che subisce attacchi da tutte le parti, non come la grande malata. Molte volte la famiglia viene trattata male o non viene proprio trattata\u201d. ha detto il segretario generale della Cei, mons. Nunzio Galantino,\u00a0ricordando la veglia di preghiera di domani sera promossa dalla Conferenza episcopale italiana per il Sinodo sulla famiglia.<\/p>\n<p>\u201cE\u2019 un appuntamento che la Cei \u2013 ha spiegato mons. Galantino &#8211; ha voluto fortemente. Domani sera tutta la Chiesa italiana si unir\u00e0 al Papa e a tutte le famiglie per mettere nelle mani del Signore questo bene prezioso che \u00e8 la famiglia composta da pap\u00e0, mamma e figli\u201d.<br \/>\n\u201cNessuno mette in discussione il valore sacramentale, straordinario e fondativo della famiglia \u2013 ha proseguito mons. Galantino &#8211; composta da pap\u00e0, mamma e figli, cos\u00ec come la Scrittura ce la consegna. Non \u00e8 questo l\u2019oggetto del Sinodo che non pone ad oggetto la teologia della famiglia perch\u00e9 quella \u00e8 assodata\u201d.<\/p>\n<p>intervista di Marino Galdiero:<\/p>\n<!-- ERRORE KALTURA: SSL certificate problem: certificate has expired. RC : 0 -->\n","protected":false},"excerpt":{"rendered":"Roma, 2 ottobre 2015 \u2013 Sull\u2019accoglienza ai migranti \u201cavremmo bisogno pi\u00f9 di imprenditori di speranza invece che imprenditori della paura. Tutto deve essere fatto con intelligenza, senza improvvisazione e pressapochismi\u201d. Lo ha detto il segretario generale della Cei, mons. Nunzio Galantino, ai microfoni di inBlu Radio, network delle radio cattoliche italiane. \u201cAbbiamo finito da pochi [&hellip;]","protected":false},"author":22,"featured_media":1092,"comment_status":"closed","ping_status":"closed","sticky":false,"template":"","format":"standard","meta":{"_acf_changed":false,"footnotes":""},"categories":[10,15,13],"tags":[],"class_list":["post-3127","post","type-post","status-publish","format-standard","has-post-thumbnail","hentry","category-archivio-comunicati-stampa","category-informazione","category-news"],"acf":[],"aioseo_notices":[],"_links":{"self":[{"href":"https:\/\/www.tv2000.it\/ufficiostampa\/wp-json\/wp\/v2\/posts\/3127","targetHints":{"allow":["GET"]}}],"collection":[{"href":"https:\/\/www.tv2000.it\/ufficiostampa\/wp-json\/wp\/v2\/posts"}],"about":[{"href":"https:\/\/www.tv2000.it\/ufficiostampa\/wp-json\/wp\/v2\/types\/post"}],"author":[{"embeddable":true,"href":"https:\/\/www.tv2000.it\/ufficiostampa\/wp-json\/wp\/v2\/users\/22"}],"replies":[{"embeddable":true,"href":"https:\/\/www.tv2000.it\/ufficiostampa\/wp-json\/wp\/v2\/comments?post=3127"}],"version-history":[{"count":0,"href":"https:\/\/www.tv2000.it\/ufficiostampa\/wp-json\/wp\/v2\/posts\/3127\/revisions"}],"wp:featuredmedia":[{"embeddable":true,"href":"https:\/\/www.tv2000.it\/ufficiostampa\/wp-json\/"}],"wp:attachment":[{"href":"https:\/\/www.tv2000.it\/ufficiostampa\/wp-json\/wp\/v2\/media?parent=3127"}],"wp:term":[{"taxonomy":"category","embeddable":true,"href":"https:\/\/www.tv2000.it\/ufficiostampa\/wp-json\/wp\/v2\/categories?post=3127"},{"taxonomy":"post_tag","embeddable":true,"href":"https:\/\/www.tv2000.it\/ufficiostampa\/wp-json\/wp\/v2\/tags?post=3127"}],"curies":[{"name":"wp","href":"https:\/\/api.w.org\/{rel}","templated":true}]}}