{"id":3286,"date":"2015-10-08T17:29:04","date_gmt":"2015-10-08T15:29:04","guid":{"rendered":"http:\/\/www.radioinblu.it\/?p=3286"},"modified":"2015-10-08T17:29:04","modified_gmt":"2015-10-08T15:29:04","slug":"livatino-postulatore-chiusa-fase-diocesana-congregazione-causa-santi-valutera-vita-e-presunto-miracolo","status":"publish","type":"post","link":"https:\/\/www.tv2000.it\/ufficiostampa\/2015\/10\/08\/livatino-postulatore-chiusa-fase-diocesana-congregazione-causa-santi-valutera-vita-e-presunto-miracolo\/","title":{"rendered":"Livatino, postulatore: \u201cChiusa fase diocesana. Congregazione causa santi valuter\u00e0 vita e presunto miracolo\u201d"},"content":{"rendered":"<p><a href=\"http:\/\/www.tv2000.it\/radioinblu\/wp-content\/uploads\/sites\/5\/2015\/09\/rosario-livatino.jpg\"><img decoding=\"async\" class=\" size-medium wp-image-2816 alignright\" src=\"http:\/\/www.tv2000.it\/radioinblu\/wp-content\/uploads\/sites\/5\/2015\/09\/rosario-livatino-300x210.jpg\" alt=\"rosario-livatino\" width=\"300\" height=\"210\" \/><\/a>Roma, 8 ottobre 2015 \u2013 \u201cStiamo chiudendo la fase diocesana del processo di beatificazione partita il 21 settembre 2011. Poi inizier\u00e0 la fase \u2018romana\u2019, la trasmissione degli atti alla Congregazione delle cause dei santi che valuter\u00e0 in battuta finale l\u2019eroicit\u00e0 della vita vissuta da Livatino e il presunto miracolo attribuito alla sua intercessione\u201d. Lo ha rivelato stamane il postulatore della causa di beatificazione di Rosario Livatino, padre Giuseppe Livatino, a \u2018Bel tempo si spera\u2019 su Tv2000,\u00a0 mostrando, in esclusiva per Tv2000, i diari del magistrato assassinato dalla mafia 25 anni fa.<strong><br \/>\n<\/strong><\/p>\n<p>Il miracolo relativo all\u2019intercessione \u201cattribuito al servo di Dio, Rosario Livatino\u201d, ha spiegato il postulatore, \u201c\u00e8 accaduto ad una donna che viveva nel nord Italia, Elena Valdetara Canale, affetta da morbo di Hodgkin. Nel 1993 la donna era allo stato terminale della malattia come testimoniano i certificati medici, la sue condizioni erano cos\u00ec fragili da non poter pi\u00f9 procedere alla chemioterapia. Poi una notte Elena sogn\u00f2 un giovane inizialmente a lei sconosciuto, come raccontato dalla stessa, vestito in abiti sacerdotali, solo successivamente abbiamo scoperto che in realt\u00e0 quel giovane indossava la toga da magistrato. Quell\u2019uomo rassicur\u00f2 la donna dicendo: \u2018Non ti preoccupare perch\u00e9 festeggerai il 25\u00b0 anniversario di nozze. La forza della guarigione \u00e8 dentro di te\u2019. Dopo questo messaggio di speranza qualcosa in Elena accadde e nel 1996 cominci\u00f2 a migliorare. Nel 2000 venne dichiarata la guarigione. La donna riconobbe solo successivamente la figura che le era apparsa in sogno da una foto di giornale: quel giovane ragazzo con la toga era Rosario Livatino\u201d.<br \/>\nDurante la trasmissione \u00e8 intervenuto anche Salvatore Presti, il regista del docu-film \u2018Luce verticale, Rosario Livatino\u2019 che ha raccontato un episodio inedito: \u201cVoglio citare un\u2019intervista che non ho potuto inserire nel mio film. Alla mamma di Livatino venne chiesto se aveva perdonato gli assassini di suo figlio e lei rispose: \u2018Anche se dentro di me ero spinta a non farlo, ho perdonato perch\u00e9 ho pensato a mio figlio e al Vangelo che teneva sopra la scrivania: Rosario avrebbe perdonato\u201d. Il regista del documentario su Livatino ha infine voluto ricordare che \u201cla visita di Giovanni Paolo II ai genitori di Rosario Livatino fu determinante perch\u00e9 da quell\u2019incontro \u00e8 cambiato l\u2019atteggiamento della Chiesa verso la mafia\u201d.<\/p>\n","protected":false},"excerpt":{"rendered":"Roma, 8 ottobre 2015 \u2013 \u201cStiamo chiudendo la fase diocesana del processo di beatificazione partita il 21 settembre 2011. Poi inizier\u00e0 la fase \u2018romana\u2019, la trasmissione degli atti alla Congregazione delle cause dei santi che valuter\u00e0 in battuta finale l\u2019eroicit\u00e0 della vita vissuta da Livatino e il presunto miracolo attribuito alla sua intercessione\u201d. Lo ha [&hellip;]","protected":false},"author":22,"featured_media":2816,"comment_status":"closed","ping_status":"closed","sticky":false,"template":"","format":"standard","meta":{"_acf_changed":false,"footnotes":""},"categories":[10],"tags":[82,83,84,85,86],"class_list":["post-3286","post","type-post","status-publish","format-standard","has-post-thumbnail","hentry","category-archivio-comunicati-stampa","tag-beatificazione","tag-mafia","tag-magistrato","tag-postulatore","tag-rosario-livatino"],"acf":[],"aioseo_notices":[],"_links":{"self":[{"href":"https:\/\/www.tv2000.it\/ufficiostampa\/wp-json\/wp\/v2\/posts\/3286","targetHints":{"allow":["GET"]}}],"collection":[{"href":"https:\/\/www.tv2000.it\/ufficiostampa\/wp-json\/wp\/v2\/posts"}],"about":[{"href":"https:\/\/www.tv2000.it\/ufficiostampa\/wp-json\/wp\/v2\/types\/post"}],"author":[{"embeddable":true,"href":"https:\/\/www.tv2000.it\/ufficiostampa\/wp-json\/wp\/v2\/users\/22"}],"replies":[{"embeddable":true,"href":"https:\/\/www.tv2000.it\/ufficiostampa\/wp-json\/wp\/v2\/comments?post=3286"}],"version-history":[{"count":0,"href":"https:\/\/www.tv2000.it\/ufficiostampa\/wp-json\/wp\/v2\/posts\/3286\/revisions"}],"wp:featuredmedia":[{"embeddable":true,"href":"https:\/\/www.tv2000.it\/ufficiostampa\/wp-json\/"}],"wp:attachment":[{"href":"https:\/\/www.tv2000.it\/ufficiostampa\/wp-json\/wp\/v2\/media?parent=3286"}],"wp:term":[{"taxonomy":"category","embeddable":true,"href":"https:\/\/www.tv2000.it\/ufficiostampa\/wp-json\/wp\/v2\/categories?post=3286"},{"taxonomy":"post_tag","embeddable":true,"href":"https:\/\/www.tv2000.it\/ufficiostampa\/wp-json\/wp\/v2\/tags?post=3286"}],"curies":[{"name":"wp","href":"https:\/\/api.w.org\/{rel}","templated":true}]}}