{"id":362892,"date":"2025-10-31T13:13:04","date_gmt":"2025-10-31T12:13:04","guid":{"rendered":"https:\/\/www.tv2000.it\/ufficiostampa\/?p=362892"},"modified":"2025-12-18T15:23:38","modified_gmt":"2025-12-18T14:23:38","slug":"tv2000-corti-alla-ribalta-su-play2000","status":"publish","type":"post","link":"https:\/\/www.tv2000.it\/ufficiostampa\/2025\/10\/31\/tv2000-corti-alla-ribalta-su-play2000\/","title":{"rendered":"Tv2000,\u00a0\u2018Corti alla ribalta\u2019 su Play2000"},"content":{"rendered":"<p><span style=\"font-family: 'Calibri',sans-serif; color: black;\"><a href=\"https:\/\/www.play2000.it\/\">Play2000<\/a>, la app di Tv2000,&nbsp;inaugura <em><span style=\"font-family: 'Calibri',sans-serif;\">Corti alla ribalta<\/span><\/em>, una nuova sezione interamente dedicata ai cortometraggi: uno spazio pensato per dare visibilit\u00e0 a registi emergenti, idee fresche e linguaggi originali. Perch\u00e9 spesso \u00e8 nei film di pochi minuti che si intravede la scintilla del futuro: racconti essenziali, emozioni concentrate, libert\u00e0 creativa allo stato puro.<\/span><\/p>\n<p><span style=\"font-family: 'Calibri',sans-serif; color: black;\">Dal 1\u00b0 novembre sono disponibili 34 corti provenienti dall\u2019Italia e dall\u2019estero, che affrontano con sguardi eterogenei temi universali come la diversit\u00e0, l\u2019accoglienza, il legame tra genitori e figli, la solitudine, l\u2019amore.<\/span><\/p>\n<div class=\"rgg-container\" data-rgg-id=\"1\">    <div class=\"rgg-imagegrid captions-title captions-effect-none \" data-rgg-id=\"1\">\n                    <a href=\"https:\/\/www.tv2000.it\/ufficiostampa\/wp-content\/uploads\/sites\/31\/2025\/10\/A-casa-mia-Loc_def-717x1024.jpg\" data-rel=\"rgg\" rel=\"rgg\" title=\"\" class=\"rgg-disabled size-medium rgg-img\" data-src=\"https:\/\/www.tv2000.it\/ufficiostampa\/wp-content\/uploads\/sites\/31\/2025\/10\/A-casa-mia-Loc_def-210x300.jpg\" data-ratio=\"0.7\" data-height=\"300\" data-width=\"210\" aria-label=\"\">\n                            <\/a>\n                    <a href=\"https:\/\/www.tv2000.it\/ufficiostampa\/wp-content\/uploads\/sites\/31\/2025\/10\/Anaklia-Poster-ridi-768x1024.jpg\" data-rel=\"rgg\" rel=\"rgg\" title=\"\" class=\"rgg-disabled size-medium rgg-img\" data-src=\"https:\/\/www.tv2000.it\/ufficiostampa\/wp-content\/uploads\/sites\/31\/2025\/10\/Anaklia-Poster-ridi-225x300.jpg\" data-ratio=\"0.75\" data-height=\"300\" data-width=\"225\" aria-label=\"\">\n                            <\/a>\n                    <a href=\"https:\/\/www.tv2000.it\/ufficiostampa\/wp-content\/uploads\/sites\/31\/2025\/10\/Benzina-Poster-ridi-768x1024.jpg\" data-rel=\"rgg\" rel=\"rgg\" title=\"\" class=\"rgg-disabled size-medium rgg-img\" data-src=\"https:\/\/www.tv2000.it\/ufficiostampa\/wp-content\/uploads\/sites\/31\/2025\/10\/Benzina-Poster-ridi-225x300.jpg\" data-ratio=\"0.75\" data-height=\"300\" data-width=\"225\" aria-label=\"\">\n                            <\/a>\n                    <a href=\"https:\/\/www.tv2000.it\/ufficiostampa\/wp-content\/uploads\/sites\/31\/2025\/10\/Black-Eyed-Dog_Poster-rid-768x1024.jpg\" data-rel=\"rgg\" rel=\"rgg\" title=\"\" class=\"rgg-disabled size-medium rgg-img\" data-src=\"https:\/\/www.tv2000.it\/ufficiostampa\/wp-content\/uploads\/sites\/31\/2025\/10\/Black-Eyed-Dog_Poster-rid-225x300.jpg\" data-ratio=\"0.75\" data-height=\"300\" data-width=\"225\" aria-label=\"\">\n                            <\/a>\n            <\/div>\n<\/div>\n<p><span style=\"font-family: 'Calibri',sans-serif; color: black;\">Una selezione di debutti promettenti e titoli gi\u00e0 premiati nei festival. Tra questi, <em><span style=\"font-family: 'Calibri',sans-serif;\">A casa mia<\/span><\/em> di Mario Piredda, vincitore del David di Donatello 2017 come Miglior Cortometraggio Italiano, e <em><span style=\"font-family: 'Calibri',sans-serif;\">Gas Station<\/span><\/em> di Olga Torrico, premiato alla Settimana Internazionale della Critica di Venezia 2020&nbsp;\u2013&nbsp;<em><span style=\"font-family: 'Calibri',sans-serif;\">Best Technical Contribution Award<\/span><\/em>&nbsp;e candidato ai David 2021. Spicca anche <em><span style=\"font-family: 'Calibri',sans-serif;\">Benzina<\/span><\/em>, con un\u2019intensa interpretazione di Carolina Crescentini.<\/span><\/p>\n<p><span style=\"font-family: 'Calibri',sans-serif; color: black;\">E non \u00e8 tutto: la collezione si arricchir\u00e0 presto con 20 cortometraggi firmati da bambini sotto i 12 anni, a conferma che il cinema comincia dallo sguardo dei pi\u00f9 piccoli e dal coraggio delle prime storie.<\/span><\/p>\n<p><span style=\"font-family: 'Calibri',sans-serif; color: black;\">Con <em><span style=\"font-family: 'Calibri',sans-serif;\">Corti alla ribalta<\/span><\/em>, Play2000 punta i riflettori sulle nuove voci del cinema e rinnova un impegno chiaro, perch\u00e8&nbsp;dare spazio ai talenti emergenti significa investire in ci\u00f2 che il cinema sar\u00e0 domani.<\/span><\/p>\n","protected":false},"excerpt":{"rendered":"Play2000, la app di Tv2000,&nbsp;inaugura Corti alla ribalta, una nuova sezione interamente dedicata ai cortometraggi: uno spazio pensato per dare visibilit\u00e0 a registi emergenti, idee fresche e linguaggi originali. Perch\u00e9 spesso \u00e8 nei film di pochi minuti che si intravede la scintilla del futuro: racconti essenziali, emozioni concentrate, libert\u00e0 creativa allo stato puro. Dal 1\u00b0 [&hellip;]","protected":false},"author":48,"featured_media":362898,"comment_status":"closed","ping_status":"open","sticky":false,"template":"","format":"standard","meta":{"_acf_changed":false,"footnotes":""},"categories":[10,668],"tags":[],"class_list":["post-362892","post","type-post","status-publish","format-standard","has-post-thumbnail","hentry","category-archivio-comunicati-stampa","category-play2000"],"acf":[],"aioseo_notices":[],"featured_image_url":"https:\/\/www.tv2000.it\/ufficiostampa\/wp-content\/uploads\/sites\/31\/2025\/10\/1200_630_FACEBOOK-1024x538.png","_links":{"self":[{"href":"https:\/\/www.tv2000.it\/ufficiostampa\/wp-json\/wp\/v2\/posts\/362892","targetHints":{"allow":["GET"]}}],"collection":[{"href":"https:\/\/www.tv2000.it\/ufficiostampa\/wp-json\/wp\/v2\/posts"}],"about":[{"href":"https:\/\/www.tv2000.it\/ufficiostampa\/wp-json\/wp\/v2\/types\/post"}],"author":[{"embeddable":true,"href":"https:\/\/www.tv2000.it\/ufficiostampa\/wp-json\/wp\/v2\/users\/48"}],"replies":[{"embeddable":true,"href":"https:\/\/www.tv2000.it\/ufficiostampa\/wp-json\/wp\/v2\/comments?post=362892"}],"version-history":[{"count":3,"href":"https:\/\/www.tv2000.it\/ufficiostampa\/wp-json\/wp\/v2\/posts\/362892\/revisions"}],"predecessor-version":[{"id":380214,"href":"https:\/\/www.tv2000.it\/ufficiostampa\/wp-json\/wp\/v2\/posts\/362892\/revisions\/380214"}],"wp:featuredmedia":[{"embeddable":true,"href":"https:\/\/www.tv2000.it\/ufficiostampa\/wp-json\/wp\/v2\/media\/362898"}],"wp:attachment":[{"href":"https:\/\/www.tv2000.it\/ufficiostampa\/wp-json\/wp\/v2\/media?parent=362892"}],"wp:term":[{"taxonomy":"category","embeddable":true,"href":"https:\/\/www.tv2000.it\/ufficiostampa\/wp-json\/wp\/v2\/categories?post=362892"},{"taxonomy":"post_tag","embeddable":true,"href":"https:\/\/www.tv2000.it\/ufficiostampa\/wp-json\/wp\/v2\/tags?post=362892"}],"curies":[{"name":"wp","href":"https:\/\/api.w.org\/{rel}","templated":true}]}}