{"id":3802,"date":"2015-10-27T12:44:37","date_gmt":"2015-10-27T11:44:37","guid":{"rendered":"http:\/\/www.radioinblu.it\/?p=3802"},"modified":"2015-10-27T12:44:37","modified_gmt":"2015-10-27T11:44:37","slug":"sinodo-mons-forte-respirato-clima-vaticano-ii-si-comunione-a-divorziati-risposati-ma-con-discernimento","status":"publish","type":"post","link":"https:\/\/www.tv2000.it\/ufficiostampa\/2015\/10\/27\/sinodo-mons-forte-respirato-clima-vaticano-ii-si-comunione-a-divorziati-risposati-ma-con-discernimento\/","title":{"rendered":"Sinodo, mons. Forte: \u201cRespirato clima Vaticano II. Si comunione a divorziati risposati ma con discernimento\u201d"},"content":{"rendered":"<p style=\"margin-bottom: 0.0001pt;text-align: left\" align=\"center\"><a href=\"http:\/\/www.tv2000.it\/radioinblu\/wp-content\/uploads\/sites\/5\/2015\/10\/forte.vescovo.jpg\"><img decoding=\"async\" class=\" size-medium wp-image-3790 alignright\" src=\"http:\/\/www.tv2000.it\/radioinblu\/wp-content\/uploads\/sites\/5\/2015\/10\/forte.vescovo-300x192.jpg\" alt=\"Bruno Forte\" width=\"300\" height=\"192\" \/><\/a>Roma, 26 ottobre 2015 \u2013 \u201cNon esiterei a dire che nel Sinodo si \u00e8 respirato il clima del Vaticano II: di grande entusiasmo, di grande libert\u00e0, di sguardo in avanti fatto di fiducia e di speranza, anche di fronte alle realt\u00e0 pi\u00f9 problematiche che si sono dovute affrontare\u201d. Lo ha detto il segretario speciale del Sinodo e arcivescovo di Chieti, mons. Bruno Forte, ai microfoni di inBlu Radio, il network delle radio cattoliche italiane.<br \/>\nIn alcuni casi i divorziati risposati potranno fare la comunione in un percorso di confronto con la propria coscienza e in un cammino di discernimento con i propri pastori: \u201cS\u00ec, certo. E\u2019 proprio questa attenzione al discernimento e dunque da una parte alla coscienza della persona, dall\u2019altra anche al servizio di accompagnamento, di aiuto al discernimento da parte dei pastori, in modo speciale del vescovo diocesano, che mi sembra uno degli aspetti pi\u00f9 interessanti di quanto il Sinodo ha detto. In questo senso il Sinodo \u00e8 un contributo straordinario al rinnovamento della Chiesa e allo sviluppo delle chiese locali\u201d.<br \/>\nMons. Forte ha rivelato di essere \u201cmolto contento\u201d del Sinodo \u201cper due ragioni fondamentali. La prima \u00e8 che per la volont\u00e0 di Papa Francesco questo Sinodo \u00e8 stata una vera esperienza di collegialit\u00e0, sinodalit\u00e0, cio\u00e8 un luogo in cui i vescovi di tutto il mondo si sono espressi in libert\u00e0, portando alla luce le realt\u00e0 delle loro chiese e le famiglie di tutto il mondo, anche quelle ferite. Dunque quanto Papa Francesco ha chiesto con forza nel 50mo del Concilio, e cio\u00e8 che la collegialit\u00e0 diventi sempre pi\u00f9 realt\u00e0 nella vita della Chiesa, il Sinodo lo ha sperimentato. In secondo luogo perch\u00e9 il tema della famiglia \u00e8 stato affrontato con sguardo di pastori, cio\u00e8 con sguardo di persone che guardano con misericordia, amore e desiderio di bene alla realt\u00e0 della loro gente\u201d.<br \/>\nE&#8217; necessario, ha concluso mons. Forte, \u201csapere guardare con una abbraccio di accoglienza, comprensione, di rispetto e di discernimento in vista di ogni possibile integrazione, a quelle persone che si trovano nelle situazioni delle famiglie ferite, di fallimenti, di non ritorno possibile ad una esperienza di nozze di famiglia secondo quello che la chiesa desidera. Penso ai divorziati risposati i quali hanno a volte delle responsabilit\u00e0 verso il coniuge ma anche verso i figli che rendono impossibile un ritorno a situazioni preesistenti. Tutto questo \u00e8 stato guardato con attenzione misericordia e rispetto e la chiesa \u00e8 stata invitata a vivere questo cammino dell\u2019accoglienza, dell\u2019accompagnamento e del discernimento e dell\u2019integrazione in tutte le forme possibili. In alcuni casi ma soltanto in alcuni casi arrivando alla possibilit\u00e0 di ammettere, l\u00ec dove le condizioni ci sono, la partecipazione piena ai sacramenti\u201d.<\/p>\n","protected":false},"excerpt":{"rendered":"Roma, 26 ottobre 2015 \u2013 \u201cNon esiterei a dire che nel Sinodo si \u00e8 respirato il clima del Vaticano II: di grande entusiasmo, di grande libert\u00e0, di sguardo in avanti fatto di fiducia e di speranza, anche di fronte alle realt\u00e0 pi\u00f9 problematiche che si sono dovute affrontare\u201d. Lo ha detto il segretario speciale del [&hellip;]","protected":false},"author":22,"featured_media":3790,"comment_status":"closed","ping_status":"closed","sticky":false,"template":"","format":"standard","meta":{"_acf_changed":false,"footnotes":""},"categories":[10],"tags":[87,35,88,89],"class_list":["post-3802","post","type-post","status-publish","format-standard","has-post-thumbnail","hentry","category-archivio-comunicati-stampa","tag-comunione","tag-divorziati-risposati","tag-mons-forte","tag-sinodo"],"acf":[],"aioseo_notices":[],"_links":{"self":[{"href":"https:\/\/www.tv2000.it\/ufficiostampa\/wp-json\/wp\/v2\/posts\/3802","targetHints":{"allow":["GET"]}}],"collection":[{"href":"https:\/\/www.tv2000.it\/ufficiostampa\/wp-json\/wp\/v2\/posts"}],"about":[{"href":"https:\/\/www.tv2000.it\/ufficiostampa\/wp-json\/wp\/v2\/types\/post"}],"author":[{"embeddable":true,"href":"https:\/\/www.tv2000.it\/ufficiostampa\/wp-json\/wp\/v2\/users\/22"}],"replies":[{"embeddable":true,"href":"https:\/\/www.tv2000.it\/ufficiostampa\/wp-json\/wp\/v2\/comments?post=3802"}],"version-history":[{"count":0,"href":"https:\/\/www.tv2000.it\/ufficiostampa\/wp-json\/wp\/v2\/posts\/3802\/revisions"}],"wp:featuredmedia":[{"embeddable":true,"href":"https:\/\/www.tv2000.it\/ufficiostampa\/wp-json\/"}],"wp:attachment":[{"href":"https:\/\/www.tv2000.it\/ufficiostampa\/wp-json\/wp\/v2\/media?parent=3802"}],"wp:term":[{"taxonomy":"category","embeddable":true,"href":"https:\/\/www.tv2000.it\/ufficiostampa\/wp-json\/wp\/v2\/categories?post=3802"},{"taxonomy":"post_tag","embeddable":true,"href":"https:\/\/www.tv2000.it\/ufficiostampa\/wp-json\/wp\/v2\/tags?post=3802"}],"curies":[{"name":"wp","href":"https:\/\/api.w.org\/{rel}","templated":true}]}}