{"id":380519,"date":"2026-01-22T10:06:04","date_gmt":"2026-01-22T09:06:04","guid":{"rendered":"https:\/\/www.tv2000.it\/ufficiostampa\/?p=380519"},"modified":"2026-01-22T10:06:52","modified_gmt":"2026-01-22T09:06:52","slug":"storie-ditalia-il-nuovo-magazine-del-tg2000","status":"publish","type":"post","link":"https:\/\/www.tv2000.it\/ufficiostampa\/2026\/01\/22\/storie-ditalia-il-nuovo-magazine-del-tg2000\/","title":{"rendered":"\u2018Storie d\u2019Italia\u2019, il nuovo magazine del Tg2000"},"content":{"rendered":"<p style=\"text-align: center;\"><strong><a href=\"https:\/\/www.tv2000.it\/ufficiostampa\/wp-content\/uploads\/sites\/31\/2026\/01\/STORIE-DITALIA-magazine-Tg2000.jpg\"><img decoding=\"async\" class=\"aligncenter size-large wp-image-380520\" src=\"https:\/\/www.tv2000.it\/ufficiostampa\/wp-content\/uploads\/sites\/31\/2026\/01\/STORIE-DITALIA-magazine-Tg2000-1024x576.jpg\" alt=\"\" width=\"640\" height=\"360\" srcset=\"https:\/\/www.tv2000.it\/ufficiostampa\/wp-content\/uploads\/sites\/31\/2026\/01\/STORIE-DITALIA-magazine-Tg2000-1024x576.jpg 1024w, https:\/\/www.tv2000.it\/ufficiostampa\/wp-content\/uploads\/sites\/31\/2026\/01\/STORIE-DITALIA-magazine-Tg2000-300x169.jpg 300w, https:\/\/www.tv2000.it\/ufficiostampa\/wp-content\/uploads\/sites\/31\/2026\/01\/STORIE-DITALIA-magazine-Tg2000-768x432.jpg 768w, https:\/\/www.tv2000.it\/ufficiostampa\/wp-content\/uploads\/sites\/31\/2026\/01\/STORIE-DITALIA-magazine-Tg2000-1536x864.jpg 1536w, https:\/\/www.tv2000.it\/ufficiostampa\/wp-content\/uploads\/sites\/31\/2026\/01\/STORIE-DITALIA-magazine-Tg2000-48x27.jpg 48w, https:\/\/www.tv2000.it\/ufficiostampa\/wp-content\/uploads\/sites\/31\/2026\/01\/STORIE-DITALIA-magazine-Tg2000-280x158.jpg 280w, https:\/\/www.tv2000.it\/ufficiostampa\/wp-content\/uploads\/sites\/31\/2026\/01\/STORIE-DITALIA-magazine-Tg2000-650x366.jpg 650w, https:\/\/www.tv2000.it\/ufficiostampa\/wp-content\/uploads\/sites\/31\/2026\/01\/STORIE-DITALIA-magazine-Tg2000.jpg 1920w\" sizes=\"(max-width: 640px) 100vw, 640px\" \/><\/a><br \/>\nIl racconto del Paese, direttamente dalle voci dei protagonisti <\/strong><\/p>\n<p style=\"text-align: center;\"><em>Dal 24 gennaio ogni sabato alle 17.30<\/em><\/p>\n<p style=\"text-align: center;\"><em>Direttore Vincenzo Morgante:<\/em><br \/>\n<em>\u201cCresce l\u2019offerta informativa. Il nostro obiettivo \u00e8 di tenerci il pi\u00f9 possibile \u2018fuori campo\u2019, per favorire un ascolto pi\u00f9 attento e uno sguardo pi\u00f9 schietto, meno edulcorato\u201d<\/em><\/p>\n<p>Nasce \u2018Storie d\u2019Italia<strong>\u2019<\/strong>, il nuovo <em>magazine<\/em> settimanale di informazione del Tg2000, che esplora le grandi trasformazioni del presente attraverso il racconto diretto dei suoi protagonisti. In onda su Tv2000 dal 24 gennaio, ogni sabato, alle 17.30. Il programma, a cura della redazione giornalistica, propone un viaggio nel tessuto pi\u00f9 profondo del Paese, attraverso la voce di chi ha una sua storia, personale e collettiva, da raccontare. Sullo sfondo, il contesto di radicali cambiamenti che l\u2019Italia sta vivendo. Lavoro, ambiente, volontariato e terzo settore, marginalit\u00e0, disagio giovanile, riscatto, tecnologia, imprenditoria. Sono alcune delle parole chiave su cui si sviluppa il racconto che vuole spogliarsi il pi\u00f9 possibile da ogni sovrastruttura giornalistica. &nbsp;<\/p>\n<p>Il programma si propone di abbracciare i nuovi schemi televisivi: niente studio, nessun conduttore e interviste informali. Ogni puntata si compone di quattro micro-documentari da 5 minuti ciascuno, dove la narrazione \u00e8 affidata a chi vive, crea o reinventa la realt\u00e0 quotidiana.<br \/>\nDalla provincia digitale alle sfide dei giovani, \u2018Storie d\u2019Italia\u2019 fotografa un Paese dalle insospettabili energie, per dare voce a quell&#8217;Italia che &#8220;tira la carretta&#8221; e che raramente trova spazio e ascolto.<br \/>\n&#8220;Con &#8216;Storie d&#8217;Italia&#8217; \u2013 spiega il direttore di Tv2000, <strong>Vincenzo Morgante<\/strong> \u2013 abbiamo incrementato l\u2019offerta informativa ma nello stesso tempo abbiamo fatto una scelta radicale di sottrazione. In un&#8217;epoca forse di eccessivo commento, il nostro obiettivo \u00e8 di tenerci il pi\u00f9 possibile \u2018fuori campo\u2019, per favorire un ascolto pi\u00f9 attento e uno sguardo pi\u00f9 schietto, meno edulcorato. La mediazione giornalistica non sparisce, ma si mette a servizio della genuinit\u00e0, della spontaneit\u00e0 del racconto. Vogliamo accendere i riflettori sul tessuto pi\u00f9 profondo della nostra societ\u00e0 civile, anche sulle pieghe meno visibili. Con la consapevolezza che ogni incontro aggiunger\u00e0 una tessera al mosaico, perch\u00e9 di ogni storia personale, anche di quelle pi\u00f9 marginali, si compone il destino comune. Questo format, nelle nostre aspirazioni, arricchisce la nostra proposta informativa non solo e non tanto in termini quantitativi. Vogliamo, infatti, proporre un racconto non astratto del Bene, una narrazione esperienziale che scaturisca da gesti pratici, dalla quotidianit\u00e0, dai vissuti. La storia collettiva emerge cos\u00ec dal basso, come somma di percorsi individuali. E l\u2019attualit\u00e0 smette di essere un concetto distante, ma torna a essere esperienza condivisa. Vogliamo, in definitiva, restituire dignit\u00e0 e tempo alle traiettorie umane di chi, con concretezza e speranza, contribuisce ogni giorno a scrivere la storia presente e futura dell&#8217;Italia&#8221;.<\/p>\n","protected":false},"excerpt":{"rendered":"Il racconto del Paese, direttamente dalle voci dei protagonisti Dal 24 gennaio ogni sabato alle 17.30 Direttore Vincenzo Morgante: \u201cCresce l\u2019offerta informativa. Il nostro obiettivo \u00e8 di tenerci il pi\u00f9 possibile \u2018fuori campo\u2019, per favorire un ascolto pi\u00f9 attento e uno sguardo pi\u00f9 schietto, meno edulcorato\u201d Nasce \u2018Storie d\u2019Italia\u2019, il nuovo magazine settimanale di informazione [&hellip;]","protected":false},"author":22,"featured_media":380520,"comment_status":"closed","ping_status":"open","sticky":false,"template":"","format":"standard","meta":{"_acf_changed":false,"footnotes":""},"categories":[10,2],"tags":[],"class_list":["post-380519","post","type-post","status-publish","format-standard","has-post-thumbnail","hentry","category-archivio-comunicati-stampa","category-comunicati"],"acf":[],"aioseo_notices":[],"featured_image_url":"https:\/\/www.tv2000.it\/ufficiostampa\/wp-content\/uploads\/sites\/31\/2026\/01\/STORIE-DITALIA-magazine-Tg2000-1024x576.jpg","_links":{"self":[{"href":"https:\/\/www.tv2000.it\/ufficiostampa\/wp-json\/wp\/v2\/posts\/380519","targetHints":{"allow":["GET"]}}],"collection":[{"href":"https:\/\/www.tv2000.it\/ufficiostampa\/wp-json\/wp\/v2\/posts"}],"about":[{"href":"https:\/\/www.tv2000.it\/ufficiostampa\/wp-json\/wp\/v2\/types\/post"}],"author":[{"embeddable":true,"href":"https:\/\/www.tv2000.it\/ufficiostampa\/wp-json\/wp\/v2\/users\/22"}],"replies":[{"embeddable":true,"href":"https:\/\/www.tv2000.it\/ufficiostampa\/wp-json\/wp\/v2\/comments?post=380519"}],"version-history":[{"count":3,"href":"https:\/\/www.tv2000.it\/ufficiostampa\/wp-json\/wp\/v2\/posts\/380519\/revisions"}],"predecessor-version":[{"id":380523,"href":"https:\/\/www.tv2000.it\/ufficiostampa\/wp-json\/wp\/v2\/posts\/380519\/revisions\/380523"}],"wp:featuredmedia":[{"embeddable":true,"href":"https:\/\/www.tv2000.it\/ufficiostampa\/wp-json\/wp\/v2\/media\/380520"}],"wp:attachment":[{"href":"https:\/\/www.tv2000.it\/ufficiostampa\/wp-json\/wp\/v2\/media?parent=380519"}],"wp:term":[{"taxonomy":"category","embeddable":true,"href":"https:\/\/www.tv2000.it\/ufficiostampa\/wp-json\/wp\/v2\/categories?post=380519"},{"taxonomy":"post_tag","embeddable":true,"href":"https:\/\/www.tv2000.it\/ufficiostampa\/wp-json\/wp\/v2\/tags?post=380519"}],"curies":[{"name":"wp","href":"https:\/\/api.w.org\/{rel}","templated":true}]}}